{"id":125760,"date":"2021-09-01T08:44:00","date_gmt":"2021-09-01T12:44:00","guid":{"rendered":"https:\/\/linitiative.ca\/International\/belmadi-est-triste-pour-youcef-atal-et-lui-tend-la-main\/"},"modified":"2021-09-01T08:44:00","modified_gmt":"2021-09-01T12:44:00","slug":"belmadi-est-triste-pour-youcef-atal-et-lui-tend-la-main","status":"publish","type":"post","link":"https:\/\/linitiative.ca\/International\/belmadi-est-triste-pour-youcef-atal-et-lui-tend-la-main\/","title":{"rendered":"Belmadi est triste pour Youcef Atal et lui tend la main"},"content":{"rendered":"<div>Suite \u00e0 une \u00e9ni\u00e8me blessure avec l&rsquo;OGC Nice, Youcef Atal a du d\u00e9clar\u00e9 forfait pour le regroupement des Verts de ce mois de septembre<img loading=\"lazy\" decoding=\"async\" src=\"http:\/\/feeds.feedburner.com\/~r\/GalerieFArtciles\/~4\/JEcjMAfB3xc\" height=\"1\" width=\"1\" alt=\"\"><\/div>\n<p>Auteur:<br \/>\n<a href=\"http:\/\/www.lebuteur.com\/article\/detail?titre=belmadi-est-triste-pour-youcef-atal-et-lui-tend-la-main&#038;id=100998&#038;utm_source=feedburner&#038;utm_medium=feed&#038;utm_campaign=Feed%3A+GalerieFArtciles+%28Les+derniers+articles++-+lebuteur.com%29\">Cliquez ici pour lire l&rsquo;article depuis sa source.<\/a><\/p>\n","protected":false},"excerpt":{"rendered":"<p>Suite \u00e0 une \u00e9ni\u00e8me blessure avec l&rsquo;OGC Nice, Youcef Atal a du d\u00e9clar\u00e9 forfait pour le regroupement des Verts de ce mois de septembre Auteur: Cliquez ici pour lire l&rsquo;article depuis sa source.<\/p>\n","protected":false},"author":1738,"featured_media":0,"comment_status":"closed","ping_status":"closed","sticky":false,"template":"","format":"standard","meta":{"fifu_image_url":"http:\/\/feeds.feedburner.com\/~r\/GalerieFArtciles\/~4\/JEcjMAfB3xc","fifu_image_alt":"Belmadi est triste pour Youcef Atal et lui tend la main","footnotes":""},"categories":[53,75],"tags":[],"class_list":["post-125760","post","type-post","status-publish","format-standard","hentry","category-algerie","category-sport"],"_links":{"self":[{"href":"https:\/\/linitiative.ca\/International\/wp-json\/wp\/v2\/posts\/125760","targetHints":{"allow":["GET"]}}],"collection":[{"href":"https:\/\/linitiative.ca\/International\/wp-json\/wp\/v2\/posts"}],"about":[{"href":"https:\/\/linitiative.ca\/International\/wp-json\/wp\/v2\/types\/post"}],"author":[{"embeddable":true,"href":"https:\/\/linitiative.ca\/International\/wp-json\/wp\/v2\/users\/1738"}],"replies":[{"embeddable":true,"href":"https:\/\/linitiative.ca\/International\/wp-json\/wp\/v2\/comments?post=125760"}],"version-history":[{"count":0,"href":"https:\/\/linitiative.ca\/International\/wp-json\/wp\/v2\/posts\/125760\/revisions"}],"wp:attachment":[{"href":"https:\/\/linitiative.ca\/International\/wp-json\/wp\/v2\/media?parent=125760"}],"wp:term":[{"taxonomy":"category","embeddable":true,"href":"https:\/\/linitiative.ca\/International\/wp-json\/wp\/v2\/categories?post=125760"},{"taxonomy":"post_tag","embeddable":true,"href":"https:\/\/linitiative.ca\/International\/wp-json\/wp\/v2\/tags?post=125760"}],"curies":[{"name":"wp","href":"https:\/\/api.w.org\/{rel}","templated":true}]}}