{"id":125768,"date":"2021-09-01T07:43:46","date_gmt":"2021-09-01T11:43:46","guid":{"rendered":"https:\/\/linitiative.ca\/International\/equipe-nationale-belmadi-soffusque-de-letat-de-la-pelouse-du-stade-de-blida\/"},"modified":"2021-09-01T07:43:46","modified_gmt":"2021-09-01T11:43:46","slug":"equipe-nationale-belmadi-soffusque-de-letat-de-la-pelouse-du-stade-de-blida","status":"publish","type":"post","link":"https:\/\/linitiative.ca\/International\/equipe-nationale-belmadi-soffusque-de-letat-de-la-pelouse-du-stade-de-blida\/","title":{"rendered":"Equipe nationale : Belmadi s\u2019offusque de l\u2019\u00e9tat de la pelouse du stade de Blida"},"content":{"rendered":"<div>\n<div class=\"sriret\"><img decoding=\"async\" src=\"https:\/\/linitiative.ca\/International\/wp-content\/uploads\/sites\/23\/2021\/09\/default-picture-709x366_c.jpg\"><\/div>\n<p>Le s\u00e9lectionneur national, Djamel Belmadi, a \u00e9t\u00e9 tr\u00e8s critique, aujourd\u2019hui, lors d\u2019une conf\u00e9rence de presse, de l\u2019\u00e9tat de la pelouse du stade de Blida, qui devra abriter, demain, le match des Verts des \u00e9liminatoires de la Coupe du monde 2022 face au Djibouti.<\/p>\n<p>\u00abCe n\u2019est pas normal de trouver la pelouse dans cet \u00e9tat \u00e0 trois jours du match\u00bb, a-t-il d\u00e9clar\u00e9, avant d\u2019ajouter que cela est un \u00absabotage\u00bb. Pour Belmadi, ceci n\u2019a rien \u00e0 voir ni avec les conditions climatiques ni avec la prolif\u00e9ration d\u2019un quelconque champignon. \u00abIl n\u2019y a qu\u2019en Alg\u00e9rie qu\u2019on entend cette histoire de champignon\u00bb, a-t-il ajout\u00e9. En plus de ce premier match face au Djibouti, l\u2019\u00e9quipe nationale affrontera le Burkina Faso, pour le compte de la deuxi\u00e8me journ\u00e9e, le 7 septembre prochain, \u00e0 Marrakech, au Maroc. L\u2019autre \u00e9quipe de ce groupe A est le Niger.<\/p>\n<p>L\u2019article <a rel=\"nofollow\" href=\"https:\/\/www.elwatan.com\/edition\/sports\/equipe-nationale-belmadi-soffusque-de-letat-de-la-pelouse-du-stade-de-blida-01-09-2021\">Equipe nationale : Belmadi s\u2019offusque de l\u2019\u00e9tat de la pelouse du stade de Blida<\/a> est apparu en premier sur <a rel=\"nofollow\" href=\"https:\/\/www.elwatan.com\/\">El Watan<\/a>.<\/p>\n<\/div>\n<p>Auteur: Abdelghani Aichoun<br \/>\n<a href=\"https:\/\/www.elwatan.com\/edition\/sports\/equipe-nationale-belmadi-soffusque-de-letat-de-la-pelouse-du-stade-de-blida-01-09-2021\">Cliquez ici pour lire l&rsquo;article depuis sa source.<\/a><\/p>\n","protected":false},"excerpt":{"rendered":"<p>Le s\u00e9lectionneur national, Djamel Belmadi, a \u00e9t\u00e9 tr\u00e8s critique, aujourd\u2019hui, lors d\u2019une conf\u00e9rence de presse, de l\u2019\u00e9tat de la pelouse du stade de Blida, qui devra abriter, demain, le match des Verts des \u00e9liminatoires de la Coupe du monde 2022 face au Djibouti. \u00abCe n\u2019est pas normal de trouver la pelouse dans cet \u00e9tat \u00e0 [&hellip;]<\/p>\n","protected":false},"author":1743,"featured_media":0,"comment_status":"closed","ping_status":"closed","sticky":false,"template":"","format":"standard","meta":{"fifu_image_url":"https:\/\/www.elwatan.com\/wp-content\/themes\/spectr\/img\/default-picture-709x366_c.jpg","fifu_image_alt":"Equipe nationale : Belmadi s\u2019offusque de l\u2019\u00e9tat de la pelouse du stade de Blida","footnotes":""},"categories":[73,53],"tags":[],"class_list":["post-125768","post","type-post","status-publish","format-standard","hentry","category-actualite","category-algerie"],"_links":{"self":[{"href":"https:\/\/linitiative.ca\/International\/wp-json\/wp\/v2\/posts\/125768","targetHints":{"allow":["GET"]}}],"collection":[{"href":"https:\/\/linitiative.ca\/International\/wp-json\/wp\/v2\/posts"}],"about":[{"href":"https:\/\/linitiative.ca\/International\/wp-json\/wp\/v2\/types\/post"}],"author":[{"embeddable":true,"href":"https:\/\/linitiative.ca\/International\/wp-json\/wp\/v2\/users\/1743"}],"replies":[{"embeddable":true,"href":"https:\/\/linitiative.ca\/International\/wp-json\/wp\/v2\/comments?post=125768"}],"version-history":[{"count":0,"href":"https:\/\/linitiative.ca\/International\/wp-json\/wp\/v2\/posts\/125768\/revisions"}],"wp:attachment":[{"href":"https:\/\/linitiative.ca\/International\/wp-json\/wp\/v2\/media?parent=125768"}],"wp:term":[{"taxonomy":"category","embeddable":true,"href":"https:\/\/linitiative.ca\/International\/wp-json\/wp\/v2\/categories?post=125768"},{"taxonomy":"post_tag","embeddable":true,"href":"https:\/\/linitiative.ca\/International\/wp-json\/wp\/v2\/tags?post=125768"}],"curies":[{"name":"wp","href":"https:\/\/api.w.org\/{rel}","templated":true}]}}