{"id":125770,"date":"2021-09-01T08:45:26","date_gmt":"2021-09-01T12:45:26","guid":{"rendered":"https:\/\/linitiative.ca\/International\/theatre-deces-du-grand-comedien-omar-guendouz\/"},"modified":"2021-09-01T08:45:26","modified_gmt":"2021-09-01T12:45:26","slug":"theatre-deces-du-grand-comedien-omar-guendouz","status":"publish","type":"post","link":"https:\/\/linitiative.ca\/International\/theatre-deces-du-grand-comedien-omar-guendouz\/","title":{"rendered":"Th\u00e9\u00e2tre : D\u00e9c\u00e8s du grand com\u00e9dien Omar Guendouz"},"content":{"rendered":"<div>\n<div class=\"sriret\"><img loading=\"lazy\" decoding=\"async\" width=\"259\" height=\"194\" src=\"https:\/\/linitiative.ca\/International\/wp-content\/uploads\/sites\/23\/2021\/09\/OMAR-GUENDOUZ-2.jpg\" class=\"attachment-featured_large size-featured_large wp-post-image\" alt=\"\" style=\"margin-bottom: 15px;\"><\/div>\n<p>L\u2019un des grands hommes de\u00a0 th\u00e9\u00e2tre que l\u2019Alg\u00e9rie n\u2019a jamais connu, Omar Guendouz, celui\u00a0 qui avait brill\u00e9 dans la pi\u00e8ce th\u00e9\u00e2trale culte \u00abBabor Ghrak\u00bb, aux c\u00f4tes de Slimane Benaissa et Mustapha Ayad, ou encore \u00abBoualem ZId El Goudam\u00bb, est d\u00e9c\u00e9d\u00e9 aujourd\u2019hui matin. Il avait 72 ans.<\/p>\n<p>\u00a0<\/p>\n<p>\u00a0<\/p>\n<p>\u00a0<\/p>\n<p>\u00a0<\/p>\n<p>L\u2019article <a rel=\"nofollow\" href=\"https:\/\/www.elwatan.com\/edition\/culture\/theatre-deces-du-grand-comedien-omar-guendouz-01-09-2021\">Th\u00e9\u00e2tre : D\u00e9c\u00e8s du grand com\u00e9dien Omar Guendouz<\/a> est apparu en premier sur <a rel=\"nofollow\" href=\"https:\/\/www.elwatan.com\/\">El Watan<\/a>.<\/p>\n<\/div>\n<p>Auteur: Abdelghani Aichoun<br \/>\n<a href=\"https:\/\/www.elwatan.com\/edition\/culture\/theatre-deces-du-grand-comedien-omar-guendouz-01-09-2021\">Cliquez ici pour lire l&rsquo;article depuis sa source.<\/a><\/p>\n","protected":false},"excerpt":{"rendered":"<p>L\u2019un des grands hommes de\u00a0 th\u00e9\u00e2tre que l\u2019Alg\u00e9rie n\u2019a jamais connu, Omar Guendouz, celui\u00a0 qui avait brill\u00e9 dans la pi\u00e8ce th\u00e9\u00e2trale culte \u00abBabor Ghrak\u00bb, aux c\u00f4tes de Slimane Benaissa et Mustapha Ayad, ou encore \u00abBoualem ZId El Goudam\u00bb, est d\u00e9c\u00e9d\u00e9 aujourd\u2019hui matin. Il avait 72 ans. \u00a0 \u00a0 \u00a0 \u00a0 L\u2019article Th\u00e9\u00e2tre : D\u00e9c\u00e8s du [&hellip;]<\/p>\n","protected":false},"author":1743,"featured_media":0,"comment_status":"closed","ping_status":"closed","sticky":false,"template":"","format":"standard","meta":{"fifu_image_url":"https:\/\/www.elwatan.com\/wp-content\/uploads\/2021\/09\/OMAR-GUENDOUZ-2.jpg","fifu_image_alt":"Th\u00e9\u00e2tre : D\u00e9c\u00e8s du grand com\u00e9dien Omar Guendouz","footnotes":""},"categories":[73,53],"tags":[],"class_list":["post-125770","post","type-post","status-publish","format-standard","hentry","category-actualite","category-algerie"],"_links":{"self":[{"href":"https:\/\/linitiative.ca\/International\/wp-json\/wp\/v2\/posts\/125770","targetHints":{"allow":["GET"]}}],"collection":[{"href":"https:\/\/linitiative.ca\/International\/wp-json\/wp\/v2\/posts"}],"about":[{"href":"https:\/\/linitiative.ca\/International\/wp-json\/wp\/v2\/types\/post"}],"author":[{"embeddable":true,"href":"https:\/\/linitiative.ca\/International\/wp-json\/wp\/v2\/users\/1743"}],"replies":[{"embeddable":true,"href":"https:\/\/linitiative.ca\/International\/wp-json\/wp\/v2\/comments?post=125770"}],"version-history":[{"count":0,"href":"https:\/\/linitiative.ca\/International\/wp-json\/wp\/v2\/posts\/125770\/revisions"}],"wp:attachment":[{"href":"https:\/\/linitiative.ca\/International\/wp-json\/wp\/v2\/media?parent=125770"}],"wp:term":[{"taxonomy":"category","embeddable":true,"href":"https:\/\/linitiative.ca\/International\/wp-json\/wp\/v2\/categories?post=125770"},{"taxonomy":"post_tag","embeddable":true,"href":"https:\/\/linitiative.ca\/International\/wp-json\/wp\/v2\/tags?post=125770"}],"curies":[{"name":"wp","href":"https:\/\/api.w.org\/{rel}","templated":true}]}}