{"id":125789,"date":"2021-09-01T12:18:28","date_gmt":"2021-09-01T16:18:28","guid":{"rendered":"https:\/\/linitiative.ca\/International\/tanger-med-le-lycee-mediterraneen-accueille-sa-premiere-promotion-deleves\/"},"modified":"2021-09-01T12:18:28","modified_gmt":"2021-09-01T16:18:28","slug":"tanger-med-le-lycee-mediterraneen-accueille-sa-premiere-promotion-deleves","status":"publish","type":"post","link":"https:\/\/linitiative.ca\/International\/tanger-med-le-lycee-mediterraneen-accueille-sa-premiere-promotion-deleves\/","title":{"rendered":"Tanger Med. Le Lyc\u00e9e M\u00e9diterran\u00e9en accueille sa premi\u00e8re promotion d\u2019\u00e9l\u00e8ves"},"content":{"rendered":"<div><img decoding=\"async\" width=\"968\" height=\"600\" src=\"https:\/\/linitiative.ca\/International\/wp-content\/uploads\/sites\/23\/2021\/09\/Tanger-med-unniversite-1-2.jpeg\" class=\"attachment-post-thumbnail size-post-thumbnail wp-post-image\" alt=\"\" loading=\"lazy\" srcset=\"https:\/\/linitiative.ca\/International\/wp-content\/uploads\/sites\/23\/2021\/09\/Tanger-med-unniversite-1-2.jpeg 968w, https:\/\/www.challenge.ma\/wp-content\/uploads\/2021\/09\/Tanger-med-unniversite-1-2-300x186.jpeg 300w, https:\/\/www.challenge.ma\/wp-content\/uploads\/2021\/09\/Tanger-med-unniversite-1-2-768x476.jpeg 768w, https:\/\/www.challenge.ma\/wp-content\/uploads\/2021\/09\/Tanger-med-unniversite-1-2-360x223.jpeg 360w, https:\/\/www.challenge.ma\/wp-content\/uploads\/2021\/09\/Tanger-med-unniversite-1-2-750x465.jpeg 750w\" sizes=\"auto, (max-width: 968px) 100vw, 968px\" itemprop=\"image\">Le Lyc\u00e9e M\u00e9diterran\u00e9en (LYMED) a ouvert ses portes le mardi 31 ao\u00fbt pour accueillir sa premi\u00e8re promotion d\u2019\u00e9l\u00e8ves en fili\u00e8re MPSI (Math\u00e9matiques, Physique, Sciences de l\u2019Ing\u00e9nieur) des classes pr\u00e9paratoires scientifiques aux Grandes \u00e9coles d\u2019ing\u00e9nieurs marocaines et fran\u00e7aises pour la rentr\u00e9e scolaire 2021-2022. Une premi\u00e8re promotion qui comptera deux classes compos\u00e9es<\/div>\n<p>Auteur: challenge<br \/>\n<a href=\"https:\/\/www.challenge.ma\/tanger-med-le-lycee-mediterraneen-accueille-sa-premiere-promotion-deleves-197172\/\">Cliquez ici pour lire l&rsquo;article depuis sa source.<\/a><\/p>\n","protected":false},"excerpt":{"rendered":"<p>Le Lyc\u00e9e M\u00e9diterran\u00e9en (LYMED) a ouvert ses portes le mardi 31 ao\u00fbt pour accueillir sa premi\u00e8re promotion d\u2019\u00e9l\u00e8ves en fili\u00e8re MPSI (Math\u00e9matiques, Physique, Sciences de l\u2019Ing\u00e9nieur) des classes pr\u00e9paratoires scientifiques aux Grandes \u00e9coles d\u2019ing\u00e9nieurs marocaines et fran\u00e7aises pour la rentr\u00e9e scolaire 2021-2022. Une premi\u00e8re promotion qui comptera deux classes compos\u00e9es Auteur: challenge Cliquez ici pour [&hellip;]<\/p>\n","protected":false},"author":1787,"featured_media":0,"comment_status":"closed","ping_status":"closed","sticky":false,"template":"","format":"standard","meta":{"fifu_image_url":"https:\/\/www.challenge.ma\/wp-content\/uploads\/2021\/09\/Tanger-med-unniversite-1-2.jpeg","fifu_image_alt":"Tanger Med. Le Lyc\u00e9e M\u00e9diterran\u00e9en accueille sa premi\u00e8re promotion d\u2019\u00e9l\u00e8ves","footnotes":""},"categories":[78,54],"tags":[],"class_list":["post-125789","post","type-post","status-publish","format-standard","hentry","category-economie","category-maroc"],"_links":{"self":[{"href":"https:\/\/linitiative.ca\/International\/wp-json\/wp\/v2\/posts\/125789","targetHints":{"allow":["GET"]}}],"collection":[{"href":"https:\/\/linitiative.ca\/International\/wp-json\/wp\/v2\/posts"}],"about":[{"href":"https:\/\/linitiative.ca\/International\/wp-json\/wp\/v2\/types\/post"}],"author":[{"embeddable":true,"href":"https:\/\/linitiative.ca\/International\/wp-json\/wp\/v2\/users\/1787"}],"replies":[{"embeddable":true,"href":"https:\/\/linitiative.ca\/International\/wp-json\/wp\/v2\/comments?post=125789"}],"version-history":[{"count":0,"href":"https:\/\/linitiative.ca\/International\/wp-json\/wp\/v2\/posts\/125789\/revisions"}],"wp:attachment":[{"href":"https:\/\/linitiative.ca\/International\/wp-json\/wp\/v2\/media?parent=125789"}],"wp:term":[{"taxonomy":"category","embeddable":true,"href":"https:\/\/linitiative.ca\/International\/wp-json\/wp\/v2\/categories?post=125789"},{"taxonomy":"post_tag","embeddable":true,"href":"https:\/\/linitiative.ca\/International\/wp-json\/wp\/v2\/tags?post=125789"}],"curies":[{"name":"wp","href":"https:\/\/api.w.org\/{rel}","templated":true}]}}