{"id":125796,"date":"2021-09-01T16:49:54","date_gmt":"2021-09-01T20:49:54","guid":{"rendered":"https:\/\/linitiative.ca\/International\/tunisie-ugtt-nous-avons-besoin-dun-gouvernement-sous-nimporte-quel-nominatif-sinon-on-va-vers-letat-de-non-etat\/"},"modified":"2021-09-01T16:49:54","modified_gmt":"2021-09-01T20:49:54","slug":"tunisie-ugtt-nous-avons-besoin-dun-gouvernement-sous-nimporte-quel-nominatif-sinon-on-va-vers-letat-de-non-etat","status":"publish","type":"post","link":"https:\/\/linitiative.ca\/International\/tunisie-ugtt-nous-avons-besoin-dun-gouvernement-sous-nimporte-quel-nominatif-sinon-on-va-vers-letat-de-non-etat\/","title":{"rendered":"Tunisie \u2013 UGTT\u00a0: Nous avons besoin d\u2019un gouvernement sous n\u2019importe quel nominatif\u2026 Sinon on va vers l\u2019\u00e9tat de non-Etat\u00a0!"},"content":{"rendered":"<div>\n<p>Le vice secr\u00e9taire g\u00e9n\u00e9ral et porte parole de l\u2019UGTT, Sami Tahri, a d\u00e9clar\u00e9, \u00e0 travers un post sur sa page facebook, que la Tunisie a besoin, en ce moment, d\u2019un gouvernement sous quelque nominatif que ce soit, d\u2019union, de salut, de technocrates\u2026 Pourvu qu\u2019il puisse travailler selon un cheminement clair, avec des priorit\u00e9s et des [\u2026]<\/p>\n<p>L\u2019article <a href=\"https:\/\/www.tunisienumerique.com\/tunisie-ugtt-nous-avons-besoin-dun-gouvernement-sous-nimporte-quel-nominatif-sinon-on-va-vers-letat-de-non-etat\/\">Tunisie \u2013 UGTT\u00a0: Nous avons besoin d\u2019un gouvernement sous n\u2019importe quel nominatif\u2026 Sinon on va vers l\u2019\u00e9tat de non-Etat\u00a0!<\/a> est apparu en premier sur <a href=\"https:\/\/www.tunisienumerique.com\/\">Tunisie<\/a>.<\/p>\n<\/div>\n<p>Auteur: LM<br \/>\n<a href=\"https:\/\/www.tunisienumerique.com\/tunisie-ugtt-nous-avons-besoin-dun-gouvernement-sous-nimporte-quel-nominatif-sinon-on-va-vers-letat-de-non-etat\/\">Cliquez ici pour lire l&rsquo;article depuis sa source.<\/a><\/p>\n","protected":false},"excerpt":{"rendered":"<p>Le vice secr\u00e9taire g\u00e9n\u00e9ral et porte parole de l\u2019UGTT, Sami Tahri, a d\u00e9clar\u00e9, \u00e0 travers un post sur sa page facebook, que la Tunisie a besoin, en ce moment, d\u2019un gouvernement sous quelque nominatif que ce soit, d\u2019union, de salut, de technocrates\u2026 Pourvu qu\u2019il puisse travailler selon un cheminement clair, avec des priorit\u00e9s et des [&hellip;]<\/p>\n","protected":false},"author":1789,"featured_media":0,"comment_status":"closed","ping_status":"closed","sticky":false,"template":"","format":"standard","meta":{"fifu_image_url":"","fifu_image_alt":"","footnotes":""},"categories":[73,55],"tags":[],"class_list":["post-125796","post","type-post","status-publish","format-standard","hentry","category-actualite","category-tunisie"],"_links":{"self":[{"href":"https:\/\/linitiative.ca\/International\/wp-json\/wp\/v2\/posts\/125796","targetHints":{"allow":["GET"]}}],"collection":[{"href":"https:\/\/linitiative.ca\/International\/wp-json\/wp\/v2\/posts"}],"about":[{"href":"https:\/\/linitiative.ca\/International\/wp-json\/wp\/v2\/types\/post"}],"author":[{"embeddable":true,"href":"https:\/\/linitiative.ca\/International\/wp-json\/wp\/v2\/users\/1789"}],"replies":[{"embeddable":true,"href":"https:\/\/linitiative.ca\/International\/wp-json\/wp\/v2\/comments?post=125796"}],"version-history":[{"count":0,"href":"https:\/\/linitiative.ca\/International\/wp-json\/wp\/v2\/posts\/125796\/revisions"}],"wp:attachment":[{"href":"https:\/\/linitiative.ca\/International\/wp-json\/wp\/v2\/media?parent=125796"}],"wp:term":[{"taxonomy":"category","embeddable":true,"href":"https:\/\/linitiative.ca\/International\/wp-json\/wp\/v2\/categories?post=125796"},{"taxonomy":"post_tag","embeddable":true,"href":"https:\/\/linitiative.ca\/International\/wp-json\/wp\/v2\/tags?post=125796"}],"curies":[{"name":"wp","href":"https:\/\/api.w.org\/{rel}","templated":true}]}}