{"id":125797,"date":"2021-09-01T17:03:19","date_gmt":"2021-09-01T21:03:19","guid":{"rendered":"https:\/\/linitiative.ca\/International\/tunisie-ce-samedi-une-journee-de-vaccination-pour-les-forces-armees-et-pour-ceux-qui-ont-recu-la-premiere-dose-le-8-aout\/"},"modified":"2021-09-01T17:03:19","modified_gmt":"2021-09-01T21:03:19","slug":"tunisie-ce-samedi-une-journee-de-vaccination-pour-les-forces-armees-et-pour-ceux-qui-ont-recu-la-premiere-dose-le-8-aout","status":"publish","type":"post","link":"https:\/\/linitiative.ca\/International\/tunisie-ce-samedi-une-journee-de-vaccination-pour-les-forces-armees-et-pour-ceux-qui-ont-recu-la-premiere-dose-le-8-aout\/","title":{"rendered":"Tunisie \u2013 Ce samedi\u00a0: Une journ\u00e9e de vaccination pour les forces arm\u00e9es et pour ceux qui ont re\u00e7u la premi\u00e8re dose le 8 ao\u00fbt"},"content":{"rendered":"<div>\n<p>La pr\u00e9sidence de la R\u00e9publique a annonc\u00e9 qu\u2019une journ\u00e9e portes ouvertes de vaccination anti covid, sera programm\u00e9e, ce samedi 4 septembre, et sera destin\u00e9e aux forces arm\u00e9es, ainsi qu\u2019aux citoyens de plus de 40 ans qui ont re\u00e7u la premi\u00e8re dose de vaccin, lors de la journ\u00e9e du 8 ao\u00fbt dernier.<\/p>\n<p>L\u2019article <a href=\"https:\/\/www.tunisienumerique.com\/tunisie-ce-samedi-une-journee-de-vaccination-pour-les-forces-armees-et-pour-ceux-qui-ont-recu-la-premiere-dose-le-8-aout\/\">Tunisie \u2013 Ce samedi\u00a0: Une journ\u00e9e de vaccination pour les forces arm\u00e9es et pour ceux qui ont re\u00e7u la premi\u00e8re dose le 8 ao\u00fbt<\/a> est apparu en premier sur <a href=\"https:\/\/www.tunisienumerique.com\/\">Tunisie<\/a>.<\/p>\n<\/div>\n<p>Auteur: LM<br \/>\n<a href=\"https:\/\/www.tunisienumerique.com\/tunisie-ce-samedi-une-journee-de-vaccination-pour-les-forces-armees-et-pour-ceux-qui-ont-recu-la-premiere-dose-le-8-aout\/\">Cliquez ici pour lire l&rsquo;article depuis sa source.<\/a><\/p>\n","protected":false},"excerpt":{"rendered":"<p>La pr\u00e9sidence de la R\u00e9publique a annonc\u00e9 qu\u2019une journ\u00e9e portes ouvertes de vaccination anti covid, sera programm\u00e9e, ce samedi 4 septembre, et sera destin\u00e9e aux forces arm\u00e9es, ainsi qu\u2019aux citoyens de plus de 40 ans qui ont re\u00e7u la premi\u00e8re dose de vaccin, lors de la journ\u00e9e du 8 ao\u00fbt dernier. L\u2019article Tunisie \u2013 Ce [&hellip;]<\/p>\n","protected":false},"author":1789,"featured_media":0,"comment_status":"closed","ping_status":"closed","sticky":false,"template":"","format":"standard","meta":{"fifu_image_url":"","fifu_image_alt":"","footnotes":""},"categories":[73,55],"tags":[],"class_list":["post-125797","post","type-post","status-publish","format-standard","hentry","category-actualite","category-tunisie"],"_links":{"self":[{"href":"https:\/\/linitiative.ca\/International\/wp-json\/wp\/v2\/posts\/125797","targetHints":{"allow":["GET"]}}],"collection":[{"href":"https:\/\/linitiative.ca\/International\/wp-json\/wp\/v2\/posts"}],"about":[{"href":"https:\/\/linitiative.ca\/International\/wp-json\/wp\/v2\/types\/post"}],"author":[{"embeddable":true,"href":"https:\/\/linitiative.ca\/International\/wp-json\/wp\/v2\/users\/1789"}],"replies":[{"embeddable":true,"href":"https:\/\/linitiative.ca\/International\/wp-json\/wp\/v2\/comments?post=125797"}],"version-history":[{"count":0,"href":"https:\/\/linitiative.ca\/International\/wp-json\/wp\/v2\/posts\/125797\/revisions"}],"wp:attachment":[{"href":"https:\/\/linitiative.ca\/International\/wp-json\/wp\/v2\/media?parent=125797"}],"wp:term":[{"taxonomy":"category","embeddable":true,"href":"https:\/\/linitiative.ca\/International\/wp-json\/wp\/v2\/categories?post=125797"},{"taxonomy":"post_tag","embeddable":true,"href":"https:\/\/linitiative.ca\/International\/wp-json\/wp\/v2\/tags?post=125797"}],"curies":[{"name":"wp","href":"https:\/\/api.w.org\/{rel}","templated":true}]}}