{"id":125798,"date":"2021-09-01T17:10:35","date_gmt":"2021-09-01T21:10:35","guid":{"rendered":"https:\/\/linitiative.ca\/International\/par-amine-ben-gamra-lheure-nest-pas-semble-t-il-a-des-mesures-economiques-hardies\/"},"modified":"2021-09-01T17:10:35","modified_gmt":"2021-09-01T21:10:35","slug":"par-amine-ben-gamra-lheure-nest-pas-semble-t-il-a-des-mesures-economiques-hardies","status":"publish","type":"post","link":"https:\/\/linitiative.ca\/International\/par-amine-ben-gamra-lheure-nest-pas-semble-t-il-a-des-mesures-economiques-hardies\/","title":{"rendered":"Par Amine Ben Gamra : L\u2019heure n\u2019est pas, semble-t-il, \u00e0 des mesures \u00e9conomiques hardies"},"content":{"rendered":"<div>\n<p>Aujourd\u2019hui, la situation \u00e9conomique et sociale est tr\u00e8s d\u00e9licate. L\u2019\u00e9conomie tunisienne a perdu en comp\u00e9titivit\u00e9. Entre 2011 et 2021, l\u2019endettement de l\u2019Etat, des banques et des m\u00e9nages a augment\u00e9 tandis que le co\u00fbt de la vie s\u2019est accru de plus de 30 pour cent.\u00a0La fuite des cerveaux et l\u2019\u00e9vasion de capitaux se sont acc\u00e9l\u00e9r\u00e9es. La [\u2026]<\/p>\n<p>L\u2019article <a href=\"https:\/\/www.tunisienumerique.com\/par-amine-ben-gamra-lheure-nest-pas-semble-t-il-a-des-mesures-economiques-hardies\/\">Par Amine Ben Gamra : L\u2019heure n\u2019est pas, semble-t-il, \u00e0 des mesures \u00e9conomiques hardies<\/a> est apparu en premier sur <a href=\"https:\/\/www.tunisienumerique.com\/\">Tunisie<\/a>.<\/p>\n<\/div>\n<p>Auteur: Tunisie Num\u00e9rique<br \/>\n<a href=\"https:\/\/www.tunisienumerique.com\/par-amine-ben-gamra-lheure-nest-pas-semble-t-il-a-des-mesures-economiques-hardies\/\">Cliquez ici pour lire l&rsquo;article depuis sa source.<\/a><\/p>\n","protected":false},"excerpt":{"rendered":"<p>Aujourd\u2019hui, la situation \u00e9conomique et sociale est tr\u00e8s d\u00e9licate. L\u2019\u00e9conomie tunisienne a perdu en comp\u00e9titivit\u00e9. Entre 2011 et 2021, l\u2019endettement de l\u2019Etat, des banques et des m\u00e9nages a augment\u00e9 tandis que le co\u00fbt de la vie s\u2019est accru de plus de 30 pour cent.\u00a0La fuite des cerveaux et l\u2019\u00e9vasion de capitaux se sont acc\u00e9l\u00e9r\u00e9es. La [&hellip;]<\/p>\n","protected":false},"author":1789,"featured_media":0,"comment_status":"closed","ping_status":"closed","sticky":false,"template":"","format":"standard","meta":{"fifu_image_url":"","fifu_image_alt":"","footnotes":""},"categories":[73,55],"tags":[],"class_list":["post-125798","post","type-post","status-publish","format-standard","hentry","category-actualite","category-tunisie"],"_links":{"self":[{"href":"https:\/\/linitiative.ca\/International\/wp-json\/wp\/v2\/posts\/125798","targetHints":{"allow":["GET"]}}],"collection":[{"href":"https:\/\/linitiative.ca\/International\/wp-json\/wp\/v2\/posts"}],"about":[{"href":"https:\/\/linitiative.ca\/International\/wp-json\/wp\/v2\/types\/post"}],"author":[{"embeddable":true,"href":"https:\/\/linitiative.ca\/International\/wp-json\/wp\/v2\/users\/1789"}],"replies":[{"embeddable":true,"href":"https:\/\/linitiative.ca\/International\/wp-json\/wp\/v2\/comments?post=125798"}],"version-history":[{"count":0,"href":"https:\/\/linitiative.ca\/International\/wp-json\/wp\/v2\/posts\/125798\/revisions"}],"wp:attachment":[{"href":"https:\/\/linitiative.ca\/International\/wp-json\/wp\/v2\/media?parent=125798"}],"wp:term":[{"taxonomy":"category","embeddable":true,"href":"https:\/\/linitiative.ca\/International\/wp-json\/wp\/v2\/categories?post=125798"},{"taxonomy":"post_tag","embeddable":true,"href":"https:\/\/linitiative.ca\/International\/wp-json\/wp\/v2\/tags?post=125798"}],"curies":[{"name":"wp","href":"https:\/\/api.w.org\/{rel}","templated":true}]}}