{"id":125799,"date":"2021-09-01T17:14:40","date_gmt":"2021-09-01T21:14:40","guid":{"rendered":"https:\/\/linitiative.ca\/International\/tunisie-amnesty-international-appelle-a-enqueter-sur-le-rapt-et-le-renvoi-en-algerie-dun-refugie-politique\/"},"modified":"2021-09-01T17:14:40","modified_gmt":"2021-09-01T21:14:40","slug":"tunisie-amnesty-international-appelle-a-enqueter-sur-le-rapt-et-le-renvoi-en-algerie-dun-refugie-politique","status":"publish","type":"post","link":"https:\/\/linitiative.ca\/International\/tunisie-amnesty-international-appelle-a-enqueter-sur-le-rapt-et-le-renvoi-en-algerie-dun-refugie-politique\/","title":{"rendered":"Tunisie \u2013 Amnesty International appelle \u00e0 enqu\u00eater sur le rapt et le renvoi en Alg\u00e9rie d\u2019un r\u00e9fugi\u00e9 politique"},"content":{"rendered":"<div>\n<p>La vice pr\u00e9sidente d\u2019Amnesty International pour le Moyen Orient et l\u2019Afrique du Nord, Emna Guellaly, a d\u00e9clar\u00e9 \u00e0 l\u2019AFP, que l\u2019organisation appelle \u00e0 une enqu\u00eate s\u00e9rieuse et ind\u00e9pendante sur le rapt et le renvoi en Alg\u00e9rie du r\u00e9fugi\u00e9 politique alg\u00e9rien, Slimane Bouhafs, alors qu\u2019il \u00e9tait sous la protection des Nations Unies. Elle a qualifi\u00e9 l\u2019op\u00e9ration [\u2026]<\/p>\n<p>L\u2019article <a href=\"https:\/\/www.tunisienumerique.com\/tunisie-amnesty-international-appelle-a-enqueter-sur-le-rapt-et-le-renvoi-en-algerie-dun-refugie-politique\/\">Tunisie \u2013 Amnesty International appelle \u00e0 enqu\u00eater sur le rapt et le renvoi en Alg\u00e9rie d\u2019un r\u00e9fugi\u00e9 politique<\/a> est apparu en premier sur <a href=\"https:\/\/www.tunisienumerique.com\/\">Tunisie<\/a>.<\/p>\n<\/div>\n<p>Auteur: LM<br \/>\n<a href=\"https:\/\/www.tunisienumerique.com\/tunisie-amnesty-international-appelle-a-enqueter-sur-le-rapt-et-le-renvoi-en-algerie-dun-refugie-politique\/\">Cliquez ici pour lire l&rsquo;article depuis sa source.<\/a><\/p>\n","protected":false},"excerpt":{"rendered":"<p>La vice pr\u00e9sidente d\u2019Amnesty International pour le Moyen Orient et l\u2019Afrique du Nord, Emna Guellaly, a d\u00e9clar\u00e9 \u00e0 l\u2019AFP, que l\u2019organisation appelle \u00e0 une enqu\u00eate s\u00e9rieuse et ind\u00e9pendante sur le rapt et le renvoi en Alg\u00e9rie du r\u00e9fugi\u00e9 politique alg\u00e9rien, Slimane Bouhafs, alors qu\u2019il \u00e9tait sous la protection des Nations Unies. Elle a qualifi\u00e9 l\u2019op\u00e9ration [&hellip;]<\/p>\n","protected":false},"author":1789,"featured_media":0,"comment_status":"closed","ping_status":"closed","sticky":false,"template":"","format":"standard","meta":{"fifu_image_url":"","fifu_image_alt":"","footnotes":""},"categories":[73,55],"tags":[],"class_list":["post-125799","post","type-post","status-publish","format-standard","hentry","category-actualite","category-tunisie"],"_links":{"self":[{"href":"https:\/\/linitiative.ca\/International\/wp-json\/wp\/v2\/posts\/125799","targetHints":{"allow":["GET"]}}],"collection":[{"href":"https:\/\/linitiative.ca\/International\/wp-json\/wp\/v2\/posts"}],"about":[{"href":"https:\/\/linitiative.ca\/International\/wp-json\/wp\/v2\/types\/post"}],"author":[{"embeddable":true,"href":"https:\/\/linitiative.ca\/International\/wp-json\/wp\/v2\/users\/1789"}],"replies":[{"embeddable":true,"href":"https:\/\/linitiative.ca\/International\/wp-json\/wp\/v2\/comments?post=125799"}],"version-history":[{"count":0,"href":"https:\/\/linitiative.ca\/International\/wp-json\/wp\/v2\/posts\/125799\/revisions"}],"wp:attachment":[{"href":"https:\/\/linitiative.ca\/International\/wp-json\/wp\/v2\/media?parent=125799"}],"wp:term":[{"taxonomy":"category","embeddable":true,"href":"https:\/\/linitiative.ca\/International\/wp-json\/wp\/v2\/categories?post=125799"},{"taxonomy":"post_tag","embeddable":true,"href":"https:\/\/linitiative.ca\/International\/wp-json\/wp\/v2\/tags?post=125799"}],"curies":[{"name":"wp","href":"https:\/\/api.w.org\/{rel}","templated":true}]}}