{"id":125800,"date":"2021-09-01T10:46:50","date_gmt":"2021-09-01T14:46:50","guid":{"rendered":"https:\/\/linitiative.ca\/International\/mise-en-oeuvre-de-laction-gouvernementale-le-premier-ministre-evalue-les-membres-du-gouvernement\/"},"modified":"2021-09-01T10:46:50","modified_gmt":"2021-09-01T14:46:50","slug":"mise-en-oeuvre-de-laction-gouvernementale-le-premier-ministre-evalue-les-membres-du-gouvernement","status":"publish","type":"post","link":"https:\/\/linitiative.ca\/International\/mise-en-oeuvre-de-laction-gouvernementale-le-premier-ministre-evalue-les-membres-du-gouvernement\/","title":{"rendered":"Mise en \u0153uvre de l\u2019action gouvernementale : Le Premier ministre \u00e9value les membres du Gouvernement"},"content":{"rendered":"<div>\n<p>\u00a0<\/p>\n<p>(Ouagadougou, 1er septembre 2021). Le Premier ministre, Christophe Joseph Marie Dabir\u00e9, a entam\u00e9 l\u2019\u00e9valuation des membres de son Gouvernement. Cette \u00e9valuation est une activit\u00e9 pr\u00e9paratoire de la rentr\u00e9e gouvernementale, et se fait sur la base de la feuille de route et des contrats d\u2019objectifs qui ont \u00e9t\u00e9 assign\u00e9s \u00e0 chaque ministre.<\/p>\n<p>Elle concerne les six premiers mois d\u2019exercice de l\u2019action gouvernementale et sera une occasion pour le Premier ministre, de revisiter les plans d\u2019actions prioritaires de chaque\u00a0 d\u00e9partement minist\u00e9riel, en vue de s\u2019assurer de leur bonne ex\u00e9cution.<\/p>\n<p>Il s\u2019agira \u00e9galement pour le Chef du Gouvernement, de faire le point de l\u2019ex\u00e9cution des contrats d\u2019objectifs du semestre dernier et de donner des orientations pour des r\u00e9sultats plus probants au second semestre de l\u2019ann\u00e9e, pour la mise en \u0153uvre des chantiers et des r\u00e9formes du pr\u00e9sident du Faso.<\/p>\n<p>Cette \u00e9valuation va se d\u00e9rouler du 1er au 7 septembre prochain et va concerner tous les membres de l\u2019\u00e9quipe gouvernementale.<\/p>\n<p>\u00a0<\/p>\n<p>DCRP\/Primature<\/p>\n<p>L\u2019article <a rel=\"nofollow\" href=\"https:\/\/www.sidwaya.info\/blog\/2021\/09\/01\/mise-en-oeuvre-de-laction-gouvernementale-le-premier-ministre-evalue-les-membres-du-gouvernement\/\">Mise en \u0153uvre de l\u2019action gouvernementale : Le Premier ministre \u00e9value les membres du Gouvernement<\/a> est apparu en premier sur <a rel=\"nofollow\" href=\"https:\/\/www.sidwaya.info\/\">Quotidien Sidwaya<\/a>.<\/p>\n<\/div>\n<p>Auteur: BS. Sidwaya<br \/>\n<a href=\"https:\/\/www.sidwaya.info\/blog\/2021\/09\/01\/mise-en-oeuvre-de-laction-gouvernementale-le-premier-ministre-evalue-les-membres-du-gouvernement\/\">Cliquez ici pour lire l&rsquo;article depuis sa source.<\/a><\/p>\n","protected":false},"excerpt":{"rendered":"<p>\u00a0 (Ouagadougou, 1er septembre 2021). Le Premier ministre, Christophe Joseph Marie Dabir\u00e9, a entam\u00e9 l\u2019\u00e9valuation des membres de son Gouvernement. Cette \u00e9valuation est une activit\u00e9 pr\u00e9paratoire de la rentr\u00e9e gouvernementale, et se fait sur la base de la feuille de route et des contrats d\u2019objectifs qui ont \u00e9t\u00e9 assign\u00e9s \u00e0 chaque ministre. Elle concerne les [&hellip;]<\/p>\n","protected":false},"author":1816,"featured_media":0,"comment_status":"closed","ping_status":"closed","sticky":false,"template":"","format":"standard","meta":{"fifu_image_url":"","fifu_image_alt":"","footnotes":""},"categories":[73,81],"tags":[],"class_list":["post-125800","post","type-post","status-publish","format-standard","hentry","category-actualite","category-burkina-faso"],"_links":{"self":[{"href":"https:\/\/linitiative.ca\/International\/wp-json\/wp\/v2\/posts\/125800","targetHints":{"allow":["GET"]}}],"collection":[{"href":"https:\/\/linitiative.ca\/International\/wp-json\/wp\/v2\/posts"}],"about":[{"href":"https:\/\/linitiative.ca\/International\/wp-json\/wp\/v2\/types\/post"}],"author":[{"embeddable":true,"href":"https:\/\/linitiative.ca\/International\/wp-json\/wp\/v2\/users\/1816"}],"replies":[{"embeddable":true,"href":"https:\/\/linitiative.ca\/International\/wp-json\/wp\/v2\/comments?post=125800"}],"version-history":[{"count":0,"href":"https:\/\/linitiative.ca\/International\/wp-json\/wp\/v2\/posts\/125800\/revisions"}],"wp:attachment":[{"href":"https:\/\/linitiative.ca\/International\/wp-json\/wp\/v2\/media?parent=125800"}],"wp:term":[{"taxonomy":"category","embeddable":true,"href":"https:\/\/linitiative.ca\/International\/wp-json\/wp\/v2\/categories?post=125800"},{"taxonomy":"post_tag","embeddable":true,"href":"https:\/\/linitiative.ca\/International\/wp-json\/wp\/v2\/tags?post=125800"}],"curies":[{"name":"wp","href":"https:\/\/api.w.org\/{rel}","templated":true}]}}