{"id":125804,"date":"2021-09-01T17:37:09","date_gmt":"2021-09-01T21:37:09","guid":{"rendered":"https:\/\/linitiative.ca\/International\/lynchage-dagents-du-ccva-a-banlo-des-campagnes-de-sensibilisation-en-perspectives\/"},"modified":"2021-09-01T17:37:09","modified_gmt":"2021-09-01T21:37:09","slug":"lynchage-dagents-du-ccva-a-banlo-des-campagnes-de-sensibilisation-en-perspectives","status":"publish","type":"post","link":"https:\/\/linitiative.ca\/International\/lynchage-dagents-du-ccva-a-banlo-des-campagnes-de-sensibilisation-en-perspectives\/","title":{"rendered":"Lynchage d\u2019agents du CCVA \u00e0 Banlo : Des campagnes de sensibilisation  en perspectives"},"content":{"rendered":"<div>\n<p><strong>Le gouverneur du Sud-Ouest, Emmanuel Zongo, a rencontr\u00e9, le lundi 30 ao\u00fbt 2021 \u00e0 Gaoua, les maires et les \u00e9lus nationaux de la r\u00e9gion en vue d\u2019\u00e9changer sur la crise qui pr\u00e9vaut \u00e0 la suite du lynchage des agents du CCVA \u00e0 Banlo. A cet effet, des mesures ont \u00e9t\u00e9 annonc\u00e9es afin de pr\u00e9venir de tels actes dans la r\u00e9gion.<\/strong><\/p>\n<p>Le lynchage des agents du Centre de contr\u00f4le des v\u00e9hicules automobiles (CCVA) \u00e0 la suite d\u2019un accident mortel, le vendredi 27 ao\u00fbt dernier, est condamn\u00e9 par l\u2019opinion publique et les autorit\u00e9s de la r\u00e9gion du Sud-Ouest. Mais au-del\u00e0 et malgr\u00e9 la poursuite du processus judiciaire, les premiers responsables veulent donner un signal fort afin que de tels actes ne se reproduisent plus. C\u2019est pourquoi, le gouverneur du Sud-Ouest, Emmanuel Zongo, a initi\u00e9 une rencontre avec les maires, les \u00e9lus nationaux et les hauts-commissaires de la r\u00e9gion dans l\u2019apr\u00e8s-midi du lundi 30 ao\u00fbt 2021 \u00e0 Gaoua.<\/p>\n<p>\u00ab Nous vivons une situation de choc, une v\u00e9ritable trag\u00e9die qui nous recommande de prendre des mesures. Ce crime a touch\u00e9 plus d\u2019un et nous sommes en train de tout faire pour que les coupables subissent des sanctions exemplaires. Celles-ci doivent \u00eatre diffus\u00e9es le plus loin possible pour donner une le\u00e7on \u00bb, a lanc\u00e9 le gouverneur Zongo. Et pour cela, il a estim\u00e9 qu\u2019il est important que les \u00e9lus notamment les maires s\u2019engagent et s\u2019unissent pour sortir de cette crise. D\u2019ores et d\u00e9j\u00e0, le premier responsable de la r\u00e9gion a soulign\u00e9 que l\u2019arrestation des deux pr\u00e9sum\u00e9s auteurs dans le cadre de l\u2019enqu\u00eate judiciaire permettra de rendre justice et dissuader ceux qui voudraient commettre des actes pareils.<\/p>\n<p>En outre, il a \u00e9t\u00e9 recommand\u00e9 que les maires des communes travers\u00e9es par la Route nationale 12 (RN12) prennent des mesures pour d\u00e9guerpir les commerces et autres activit\u00e9s commerciales aux abords de la voie. Reconna\u00eetre collectivement leur acte Les maires ont dit leur engagement \u00e0 mettre en \u0153uvre les mesures mais aussi \u00e0 prendre des initiatives notamment communicationnelles allant dans le sens de la pr\u00e9vention. Des participants ont sugg\u00e9r\u00e9 d\u2019entamer une d\u00e9marche aupr\u00e8s des populations du village impliqu\u00e9 afin de les amener \u00e0 reconnaitre et \u00e0 regretter collectivement leur acte.<\/p>\n<p>Le maire de la commune rurale de Bouroum-Bouroum, Koko Momo, a salu\u00e9 la d\u00e9marche du gouvernement visant \u00e0 sortir de cette crise survenue dans sa circonscription. \u00ab Je suis d\u00e9pass\u00e9 par cet acte ignoble et je me pose toujours des questions sur les raisons qui ont pouss\u00e9 les auteurs \u00bb, a laiss\u00e9 entendre l\u2019\u00e9dile de Bouroum-Bouroum. Il a confi\u00e9 qu\u2019il a d\u00e9j\u00e0 pris des mesures pour d\u00e9gager la voie, mais la mise en \u0153uvre a pos\u00e9 probl\u00e8me \u00e0 cause de l\u2019opposition des occupants. Mais \u00e0 l\u2019issue de cette rencontre, il esp\u00e8re avoir un accompagnement n\u00e9cessaire afin d\u2019aller jusqu\u2019au bout.<\/p>\n<p>Par ailleurs, Koko Momo a relev\u00e9 que les accidents sont fr\u00e9quents au niveau du village de Banlo, ce qui avait amen\u00e9 la population \u00e0 exiger des ralentisseurs. \u00ab Avec la Direction r\u00e9gionale des infrastructures, nous avons sensibilis\u00e9 la population et fix\u00e9 un panneau de limitation de vitesse \u00bb, a inform\u00e9 le maire. Il a confi\u00e9 avoir eu des informations selon lesquelles, la population en voulait \u00e9galement \u00e0 sa personne quand l\u2019accident est survenu. Apr\u00e8s les \u00e9lus, c\u2019\u00e9tait autour des transporteurs, des organisations de la soci\u00e9t\u00e9 civile et des jeunes d\u2019\u00e9changer, le mardi 31 ao\u00fbt 2021, avec le gouverneur sur la question.<\/p>\n<p style=\"text-align: right\"><strong>Joseph HARO <\/strong><\/p>\n<p>L\u2019article <a rel=\"nofollow\" href=\"https:\/\/www.sidwaya.info\/blog\/2021\/09\/01\/lynchage-dagents-du-ccva-a-banlo-des-campagnes-de-sensibilisation-en-perspectives\/\">Lynchage d\u2019agents du CCVA \u00e0 Banlo : Des campagnes de sensibilisation  en perspectives<\/a> est apparu en premier sur <a rel=\"nofollow\" href=\"https:\/\/www.sidwaya.info\/\">Quotidien Sidwaya<\/a>.<\/p>\n<\/div>\n<p>Auteur: JK. Sidwaya<br \/>\n<a href=\"https:\/\/www.sidwaya.info\/blog\/2021\/09\/01\/lynchage-dagents-du-ccva-a-banlo-des-campagnes-de-sensibilisation-en-perspectives\/\">Cliquez ici pour lire l&rsquo;article depuis sa source.<\/a><\/p>\n","protected":false},"excerpt":{"rendered":"<p>Le gouverneur du Sud-Ouest, Emmanuel Zongo, a rencontr\u00e9, le lundi 30 ao\u00fbt 2021 \u00e0 Gaoua, les maires et les \u00e9lus nationaux de la r\u00e9gion en vue d\u2019\u00e9changer sur la crise qui pr\u00e9vaut \u00e0 la suite du lynchage des agents du CCVA \u00e0 Banlo. A cet effet, des mesures ont \u00e9t\u00e9 annonc\u00e9es afin de pr\u00e9venir de [&hellip;]<\/p>\n","protected":false},"author":1816,"featured_media":0,"comment_status":"closed","ping_status":"closed","sticky":false,"template":"","format":"standard","meta":{"fifu_image_url":"","fifu_image_alt":"","footnotes":""},"categories":[73,81],"tags":[],"class_list":["post-125804","post","type-post","status-publish","format-standard","hentry","category-actualite","category-burkina-faso"],"_links":{"self":[{"href":"https:\/\/linitiative.ca\/International\/wp-json\/wp\/v2\/posts\/125804","targetHints":{"allow":["GET"]}}],"collection":[{"href":"https:\/\/linitiative.ca\/International\/wp-json\/wp\/v2\/posts"}],"about":[{"href":"https:\/\/linitiative.ca\/International\/wp-json\/wp\/v2\/types\/post"}],"author":[{"embeddable":true,"href":"https:\/\/linitiative.ca\/International\/wp-json\/wp\/v2\/users\/1816"}],"replies":[{"embeddable":true,"href":"https:\/\/linitiative.ca\/International\/wp-json\/wp\/v2\/comments?post=125804"}],"version-history":[{"count":0,"href":"https:\/\/linitiative.ca\/International\/wp-json\/wp\/v2\/posts\/125804\/revisions"}],"wp:attachment":[{"href":"https:\/\/linitiative.ca\/International\/wp-json\/wp\/v2\/media?parent=125804"}],"wp:term":[{"taxonomy":"category","embeddable":true,"href":"https:\/\/linitiative.ca\/International\/wp-json\/wp\/v2\/categories?post=125804"},{"taxonomy":"post_tag","embeddable":true,"href":"https:\/\/linitiative.ca\/International\/wp-json\/wp\/v2\/tags?post=125804"}],"curies":[{"name":"wp","href":"https:\/\/api.w.org\/{rel}","templated":true}]}}