{"id":125806,"date":"2021-09-01T14:18:02","date_gmt":"2021-09-01T18:18:02","guid":{"rendered":"https:\/\/linitiative.ca\/International\/eliminatoires-mondial-2022-le-senegal-bat-le-togo-2-0\/"},"modified":"2021-09-01T14:18:02","modified_gmt":"2021-09-01T18:18:02","slug":"eliminatoires-mondial-2022-le-senegal-bat-le-togo-2-0","status":"publish","type":"post","link":"https:\/\/linitiative.ca\/International\/eliminatoires-mondial-2022-le-senegal-bat-le-togo-2-0\/","title":{"rendered":"Eliminatoires Mondial 2022 : le S\u00e9n\u00e9gal bat le Togo (2-0)"},"content":{"rendered":"<div>\n<p><img loading=\"lazy\" decoding=\"async\" width=\"512\" height=\"386\" src=\"https:\/\/linitiative.ca\/International\/wp-content\/uploads\/sites\/23\/2021\/09\/16305202828190.jpg\" class=\"attachment-post-thumbnail size-post-thumbnail wp-post-image\" alt=\"\" srcset=\"https:\/\/linitiative.ca\/International\/wp-content\/uploads\/sites\/23\/2021\/09\/16305202828190.jpg 512w, https:\/\/www.journalducameroun.com\/wp-content\/uploads\/2021\/09\/16305202828190-300x226.jpg 300w\" sizes=\"auto, (max-width: 512px) 100vw, 512px\"><\/p>\n<p>Les Lions de la T\u00e9ranga se sont impos\u00e9s, mercredi apr\u00e8s-midi, devant les Eperviers du Togo en match comptant pour la premi\u00e8re journ\u00e9e des \u00e9liminatoires de la Coupe du monde de football 2022.Cette rencontre a \u00e9t\u00e9 jou\u00e9e au stade Lat-Dior de Thi\u00e8s (Ouest, 70 km de Dakar).<\/p>\n<p>Le premier but du S\u00e9n\u00e9gal a \u00e9t\u00e9 marqu\u00e9 par Sadio Man\u00e9 \u00e0 la 56\u00e8me minute. Le second but a \u00e9t\u00e9 inscrit par Abdou Lahad Diallo \u00e0 la 80\u00e8me minute.<\/p>\n<p>Le S\u00e9n\u00e9gal et le Togo partagent le Groupe H avec la R\u00e9publique du Congo et la Namibie.<\/p>\n<p>Cet article <a rel=\"nofollow\" href=\"https:\/\/www.journalducameroun.com\/eliminatoires-mondial-2022-le-senegal-bat-le-togo-2-0\/\">Eliminatoires Mondial 2022 : le S\u00e9n\u00e9gal bat le Togo (2-0)<\/a> est apparu en premier sur <a rel=\"nofollow\" href=\"https:\/\/www.journalducameroun.com\/\">Journal du Cameroun<\/a>.<\/p>\n<\/div>\n<p>Auteur: APA News<br \/>\n<a href=\"https:\/\/www.journalducameroun.com\/eliminatoires-mondial-2022-le-senegal-bat-le-togo-2-0\/\">Cliquez ici pour lire l&rsquo;article depuis sa source.<\/a><\/p>\n","protected":false},"excerpt":{"rendered":"<p>Les Lions de la T\u00e9ranga se sont impos\u00e9s, mercredi apr\u00e8s-midi, devant les Eperviers du Togo en match comptant pour la premi\u00e8re journ\u00e9e des \u00e9liminatoires de la Coupe du monde de football 2022.Cette rencontre a \u00e9t\u00e9 jou\u00e9e au stade Lat-Dior de Thi\u00e8s (Ouest, 70 km de Dakar). Le premier but du S\u00e9n\u00e9gal a \u00e9t\u00e9 marqu\u00e9 par [&hellip;]<\/p>\n","protected":false},"author":1965,"featured_media":0,"comment_status":"closed","ping_status":"closed","sticky":false,"template":"","format":"standard","meta":{"fifu_image_url":"https:\/\/www.journalducameroun.com\/wp-content\/uploads\/2021\/09\/16305202828190.jpg","fifu_image_alt":"Eliminatoires Mondial 2022 : le S\u00e9n\u00e9gal bat le Togo (2-0)","footnotes":""},"categories":[73,82],"tags":[],"class_list":["post-125806","post","type-post","status-publish","format-standard","hentry","category-actualite","category-cameroun"],"_links":{"self":[{"href":"https:\/\/linitiative.ca\/International\/wp-json\/wp\/v2\/posts\/125806","targetHints":{"allow":["GET"]}}],"collection":[{"href":"https:\/\/linitiative.ca\/International\/wp-json\/wp\/v2\/posts"}],"about":[{"href":"https:\/\/linitiative.ca\/International\/wp-json\/wp\/v2\/types\/post"}],"author":[{"embeddable":true,"href":"https:\/\/linitiative.ca\/International\/wp-json\/wp\/v2\/users\/1965"}],"replies":[{"embeddable":true,"href":"https:\/\/linitiative.ca\/International\/wp-json\/wp\/v2\/comments?post=125806"}],"version-history":[{"count":0,"href":"https:\/\/linitiative.ca\/International\/wp-json\/wp\/v2\/posts\/125806\/revisions"}],"wp:attachment":[{"href":"https:\/\/linitiative.ca\/International\/wp-json\/wp\/v2\/media?parent=125806"}],"wp:term":[{"taxonomy":"category","embeddable":true,"href":"https:\/\/linitiative.ca\/International\/wp-json\/wp\/v2\/categories?post=125806"},{"taxonomy":"post_tag","embeddable":true,"href":"https:\/\/linitiative.ca\/International\/wp-json\/wp\/v2\/tags?post=125806"}],"curies":[{"name":"wp","href":"https:\/\/api.w.org\/{rel}","templated":true}]}}