{"id":125814,"date":"2021-09-01T15:18:02","date_gmt":"2021-09-01T19:18:02","guid":{"rendered":"https:\/\/linitiative.ca\/International\/affaire-apologie-du-viol-yves-de-mbella-condamne-a-1-an-de-prison-avec-sursis\/"},"modified":"2021-09-01T15:18:02","modified_gmt":"2021-09-01T19:18:02","slug":"affaire-apologie-du-viol-yves-de-mbella-condamne-a-1-an-de-prison-avec-sursis","status":"publish","type":"post","link":"https:\/\/linitiative.ca\/International\/affaire-apologie-du-viol-yves-de-mbella-condamne-a-1-an-de-prison-avec-sursis\/","title":{"rendered":"Affaire apologie du viol: Yves de M\u2019Bella condamn\u00e9 \u00e0 1 an de prison avec sursis"},"content":{"rendered":"<div>\n<p><img loading=\"lazy\" decoding=\"async\" width=\"512\" height=\"341\" src=\"https:\/\/linitiative.ca\/International\/wp-content\/uploads\/sites\/23\/2021\/09\/16305238836519.jpg\" class=\"attachment-post-thumbnail size-post-thumbnail wp-post-image\" alt=\"\" srcset=\"https:\/\/linitiative.ca\/International\/wp-content\/uploads\/sites\/23\/2021\/09\/16305238836519.jpg 512w, https:\/\/www.journalducameroun.com\/wp-content\/uploads\/2021\/09\/16305238836519-300x200.jpg 300w\" sizes=\"auto, (max-width: 512px) 100vw, 512px\"><\/p>\n<p>Le c\u00e9l\u00e8bre animateur t\u00e9l\u00e9-radio Yves de M&rsquo;Bella, accus\u00e9 d&rsquo;avoir fait l&rsquo;apologie du viol \u00e0 une \u00e9mission sur la cha\u00eene de t\u00e9l\u00e9vision priv\u00e9e ivoirienne NCI, a \u00e9t\u00e9 condamn\u00e9 mercredi \u00e0 12 mois de prison avec sursis et 2 millions Fcfa d&rsquo;amende.<\/p>\n<p>Le juge lui a \u00e9galement inflig\u00e9 une interdiction de voyager sur toute l&rsquo;\u00e9tendue du territoire ivoirien sur une p\u00e9riode de deux ans, \u00e0 appris APA dans la capitale \u00e9conomique ivoirienne. \u00a0<\/p>\n<p>L&rsquo;animateur t\u00e9l\u00e9-radio avait \u00e9t\u00e9 convoqu\u00e9 le 31 ao\u00fbt 2021 \u00e0 la direction de la police criminelle pour \u00ab\u00a0audition-interrogatoire suite \u00e0 une enqu\u00eate ouverte pour apologie, attentats aux m\u0153urs relativement \u00e0 l&rsquo;\u00e9mission t\u00e9l\u00e9 d&rsquo;ici vacances du 30 ao\u00fbt 2021\u00a0\u00bb.\u00a0<\/p>\n<p>Dans la conduite de l&rsquo;\u00e9mission, M. Yves de M&rsquo;Bella a invit\u00e9 un ex-condamn\u00e9 pour viol \u00e0 reconstituer sur le plateau, \u00e0 l&rsquo;aide d&rsquo;un mannequin, son mode op\u00e9ratoire. La Ligue ivoirienne des droits des femmes a imm\u00e9diatement saisi la justice.<\/p>\n<p>La Haute autorit\u00e9 de la communication audiovisuelle (HACA, r\u00e9gulateur) a suspendu mardi M. M&rsquo;Bella, l&rsquo;animateur de l&rsquo;\u00e9mission incrimin\u00e9e pour une dur\u00e9e de 30 jours, de toutes les antennes des cha\u00eenes de t\u00e9l\u00e9visions et de radios en C\u00f4te d&rsquo;Ivoire.<\/p>\n<p>Cet article <a rel=\"nofollow\" href=\"https:\/\/www.journalducameroun.com\/affaire-apologie-du-viol-yves-de-mbella-condamne-a-1-an-de-prison-avec-sursis\/\">Affaire apologie du viol: Yves de M\u2019Bella condamn\u00e9 \u00e0 1 an de prison avec sursis<\/a> est apparu en premier sur <a rel=\"nofollow\" href=\"https:\/\/www.journalducameroun.com\/\">Journal du Cameroun<\/a>.<\/p>\n<\/div>\n<p>Auteur: APA News<br \/>\n<a href=\"https:\/\/www.journalducameroun.com\/affaire-apologie-du-viol-yves-de-mbella-condamne-a-1-an-de-prison-avec-sursis\/\">Cliquez ici pour lire l&rsquo;article depuis sa source.<\/a><\/p>\n","protected":false},"excerpt":{"rendered":"<p>Le c\u00e9l\u00e8bre animateur t\u00e9l\u00e9-radio Yves de M&rsquo;Bella, accus\u00e9 d&rsquo;avoir fait l&rsquo;apologie du viol \u00e0 une \u00e9mission sur la cha\u00eene de t\u00e9l\u00e9vision priv\u00e9e ivoirienne NCI, a \u00e9t\u00e9 condamn\u00e9 mercredi \u00e0 12 mois de prison avec sursis et 2 millions Fcfa d&rsquo;amende. Le juge lui a \u00e9galement inflig\u00e9 une interdiction de voyager sur toute l&rsquo;\u00e9tendue du territoire [&hellip;]<\/p>\n","protected":false},"author":1965,"featured_media":0,"comment_status":"closed","ping_status":"closed","sticky":false,"template":"","format":"standard","meta":{"fifu_image_url":"https:\/\/www.journalducameroun.com\/wp-content\/uploads\/2021\/09\/16305238836519.jpg","fifu_image_alt":"Affaire apologie du viol: Yves de M\u2019Bella condamn\u00e9 \u00e0 1 an de prison avec sursis","footnotes":""},"categories":[73,82],"tags":[],"class_list":["post-125814","post","type-post","status-publish","format-standard","hentry","category-actualite","category-cameroun"],"_links":{"self":[{"href":"https:\/\/linitiative.ca\/International\/wp-json\/wp\/v2\/posts\/125814","targetHints":{"allow":["GET"]}}],"collection":[{"href":"https:\/\/linitiative.ca\/International\/wp-json\/wp\/v2\/posts"}],"about":[{"href":"https:\/\/linitiative.ca\/International\/wp-json\/wp\/v2\/types\/post"}],"author":[{"embeddable":true,"href":"https:\/\/linitiative.ca\/International\/wp-json\/wp\/v2\/users\/1965"}],"replies":[{"embeddable":true,"href":"https:\/\/linitiative.ca\/International\/wp-json\/wp\/v2\/comments?post=125814"}],"version-history":[{"count":0,"href":"https:\/\/linitiative.ca\/International\/wp-json\/wp\/v2\/posts\/125814\/revisions"}],"wp:attachment":[{"href":"https:\/\/linitiative.ca\/International\/wp-json\/wp\/v2\/media?parent=125814"}],"wp:term":[{"taxonomy":"category","embeddable":true,"href":"https:\/\/linitiative.ca\/International\/wp-json\/wp\/v2\/categories?post=125814"},{"taxonomy":"post_tag","embeddable":true,"href":"https:\/\/linitiative.ca\/International\/wp-json\/wp\/v2\/tags?post=125814"}],"curies":[{"name":"wp","href":"https:\/\/api.w.org\/{rel}","templated":true}]}}