{"id":125820,"date":"2021-09-01T10:35:06","date_gmt":"2021-09-01T14:35:06","guid":{"rendered":"https:\/\/linitiative.ca\/International\/filiere-porcine-vers-la-levee-des-mesures-de-restriction-a-louest\/"},"modified":"2021-09-01T10:35:06","modified_gmt":"2021-09-01T14:35:06","slug":"filiere-porcine-vers-la-levee-des-mesures-de-restriction-a-louest","status":"publish","type":"post","link":"https:\/\/linitiative.ca\/International\/filiere-porcine-vers-la-levee-des-mesures-de-restriction-a-louest\/","title":{"rendered":"Fili\u00e8re porcine : vers la lev\u00e9e des mesures de restriction \u00e0 l\u2019Ouest"},"content":{"rendered":"<div>\n<p>Roger Ku\u00e9t\u00e9, \u00e9leveur de porcs, install\u00e9 \u00e0 Kamkop dans l\u2019arrondissement de la Mifi, dit avoir perdu son cheptel constitu\u00e9 d\u2019une vingtaine d\u2019animaux, pr\u00eats \u00e0 la commercialisation. Ces b\u00eates qu\u2019il a \u00e9lev\u00e9es depuis pr\u00e8s d\u2019un an \u00e9taient destin\u00e9es \u00e0 la pr\u00e9paration de la rentr\u00e9e scolaire de sa prog\u00e9niture. Un syst\u00e8me de pr\u00e9paration qu\u2019il a adopt\u00e9 depuis des ann\u00e9es. Il consiste \u00e0 engager l\u2019\u00e9levage au mois de novembre de chaque ann\u00e9e. Des produits qu\u2019il mettra sur le march\u00e9 \u00e0 la veille de la rentr\u00e9e scolaire pour un retour \u00e0 l\u2019\u00e9cole sans stress. Malheureusement, les choses ne seront pas faciles pour sa famille du fait de la perde de ses animaux, quelques jours seulement apr\u00e8s la d\u00e9claration de la peste porcine africaine dans la r\u00e9gion de l\u2019Ouest. la situation est devenue plus complexe apr\u00e8s la d\u00e9cision du gouverneur de la r\u00e9gion de l\u2019Ouest portant fermeture de mani\u00e8re temporaire des march\u00e9s de commercialisation des porcs et des sous-produits porcins sur l\u2019ensemble de son territoire de commandement.<\/p>\n<p><strong>Lire aussi<\/strong> : <strong><a href=\"https:\/\/ecomatin.net\/filiere-porcine-le-gouvernement-va-importer-300-porcs-geniteurs-pour-booster-la-filiere\/\">Fili\u00e8re porcine : le gouvernement va importer 300 porcs g\u00e9niteurs pour booster la fili\u00e8re<\/a><\/strong><\/p>\n<p>Dans la ville de Bafoussam, les points de braise sont majoritairement ferm\u00e9s \u00e0 cause des contraintes de mise en application de cette d\u00e9cision r\u00e9gionale. Leonel Konlack, propri\u00e9taire d\u2019un point de braise de porcs au lieu-dit \u00ab Entr\u00e9e domicile Tankou \u00bb, a ferm\u00e9 boutique quelques jours apr\u00e8s l\u2019arr\u00eat\u00e9 r\u00e9gional sign\u00e9 du 16 juillet dernier par Augustine Awa Fonka, gouverneur de la r\u00e9gion de l\u2019Ouest. \u00ab La d\u00e9cision du gouverneur interdisant la commercialisation du porc et des sous-produits porcins a \u00e9t\u00e9 rendue public au moment o\u00f9 j\u2019avais encore des stocks de marchandises \u00e0 domicile. J\u2019ai essay\u00e9 de continuer mon activit\u00e9 mais chaque soir, mes employ\u00e9s recevaient la visite des forces de maintien de l\u2019Ouest, venues nous contraindre \u00e0 respecter la mesure du gouverneur. J\u2019ai \u00e9t\u00e9 oblig\u00e9 de rentrer au quartier. Mes enfants avec qui je travaille sont au ch\u00f4mage. Ils ont des familles \u00e0 nourrir. Nous prions pour que les choses reviennent \u00e0 la normale dans les prochains jours \u00bb, nourrit-t-il.<\/p>\n<p><strong>Des rencontres de sensibilisation<\/strong><\/p>\n<p>Une nouvelle \u00e9pizootie de peste porcine africaine (Ppa) qui a \u00e9t\u00e9 signal\u00e9e dans plusieurs r\u00e9gions du Cameroun ne cesse de menacer le cheptel porcin depuis le d\u00e9but du mois de juillet 2021. Cette peste a ainsi contraint le gouverneur de la r\u00e9gion de l\u2019Ouest \u00e0 fermer de mani\u00e8re temporaire les march\u00e9s de commercialisation des porcs et de circulation des sous-produits porcins sur l\u2019ensemble de son unit\u00e9 administrative. Des d\u00e9clarations de Bernard Souop Nguetchouessi, pr\u00e9sident de l\u2019interprofession porcine de l\u2019Ouest, des rencontres avec le d\u00e9l\u00e9gu\u00e9 r\u00e9gional de l\u2019\u00e9levage, des p\u00eaches et de l\u2019industrie animale, regroupent les \u00e9leveurs, les transporteurs, les commer\u00e7ants, les braiseurs et les bouchers depuis cet arr\u00eat\u00e9 r\u00e9gional datant du 16 juillet dernier, ont permis de sensibiliser tous les acteurs de la chaine aux mesures \u00e0 prendre dans le but d\u2019\u00e9viter la propagation de la peste dans un grand nombre de fermes. A cet effet, ils ont \u00e9t\u00e9 invit\u00e9s \u00e0 d\u00e9truire des stocks conserv\u00e9s dans les domiciles et \u00e0 d\u00e9peupler les fermes affect\u00e9es ou non. Car, seuls le porc et les sous-produits des fermes porcines peuvent faire circuler la Ppa. Pour lui, c\u2019est en respectant ces deux principales mesures qu\u2019on pourra stopper la propagation de la peste aux cons\u00e9quences \u00e9conomiques \u00e9normes.<\/p>\n<p><strong>Des pr\u00e9l\u00e8vements pour analyses exig\u00e9s<\/strong><\/p>\n<p>Une enqu\u00eate \u00e9pid\u00e9miologique pr\u00e9alable \u00e0 travers l\u2019analyse de laboratoire est en cours afin de d\u00e9terminer le statut des fermes par rapport \u00e0 la Ppa. Les services v\u00e9t\u00e9rinaires de l\u2019Ouest en collaboration avec l\u2019interprofession porcine r\u00e9alisent actuellement le diagnostic diff\u00e9rentiel avec le rouget et les salmonelloses. Cette activit\u00e9 est pr\u00e9paratoire \u00e0 la relance des activit\u00e9s de la fili\u00e8re porcine dans la r\u00e9gion de l\u2019Ouest au moment de la lev\u00e9e imminente des mesures de restriction de commercialisation et de circulation des porcs et des sous-produits des fermes porcines, si l\u2019accalmie et la discipline actuelles pr\u00e9valent au sein de tous les acteurs \u00e0 savoir les \u00e9leveurs, les transporteurs, les commer\u00e7ants\u2026<\/p>\n<p><strong>Armel Djiogue<\/strong><\/p>\n<p>L\u2019article <a rel=\"nofollow\" href=\"https:\/\/ecomatin.net\/filiere-porcine-vers-la-levee-des-mesures-de-restriction-a-louest\/\">Fili\u00e8re porcine : vers la lev\u00e9e des mesures de restriction \u00e0 l\u2019Ouest<\/a> est apparu en premier sur <a rel=\"nofollow\" href=\"https:\/\/ecomatin.net\/\">EcoMatin<\/a>.<\/p>\n<\/div>\n<p>Auteur: EcoMatin<br \/>\n<a href=\"https:\/\/ecomatin.net\/filiere-porcine-vers-la-levee-des-mesures-de-restriction-a-louest\/\">Cliquez ici pour lire l&rsquo;article depuis sa source.<\/a><\/p>\n","protected":false},"excerpt":{"rendered":"<p>Roger Ku\u00e9t\u00e9, \u00e9leveur de porcs, install\u00e9 \u00e0 Kamkop dans l\u2019arrondissement de la Mifi, dit avoir perdu son cheptel constitu\u00e9 d\u2019une vingtaine d\u2019animaux, pr\u00eats \u00e0 la commercialisation. Ces b\u00eates qu\u2019il a \u00e9lev\u00e9es depuis pr\u00e8s d\u2019un an \u00e9taient destin\u00e9es \u00e0 la pr\u00e9paration de la rentr\u00e9e scolaire de sa prog\u00e9niture. Un syst\u00e8me de pr\u00e9paration qu\u2019il a adopt\u00e9 depuis [&hellip;]<\/p>\n","protected":false},"author":1969,"featured_media":0,"comment_status":"closed","ping_status":"closed","sticky":false,"template":"","format":"standard","meta":{"fifu_image_url":"","fifu_image_alt":"","footnotes":""},"categories":[82,78],"tags":[],"class_list":["post-125820","post","type-post","status-publish","format-standard","hentry","category-cameroun","category-economie"],"_links":{"self":[{"href":"https:\/\/linitiative.ca\/International\/wp-json\/wp\/v2\/posts\/125820","targetHints":{"allow":["GET"]}}],"collection":[{"href":"https:\/\/linitiative.ca\/International\/wp-json\/wp\/v2\/posts"}],"about":[{"href":"https:\/\/linitiative.ca\/International\/wp-json\/wp\/v2\/types\/post"}],"author":[{"embeddable":true,"href":"https:\/\/linitiative.ca\/International\/wp-json\/wp\/v2\/users\/1969"}],"replies":[{"embeddable":true,"href":"https:\/\/linitiative.ca\/International\/wp-json\/wp\/v2\/comments?post=125820"}],"version-history":[{"count":0,"href":"https:\/\/linitiative.ca\/International\/wp-json\/wp\/v2\/posts\/125820\/revisions"}],"wp:attachment":[{"href":"https:\/\/linitiative.ca\/International\/wp-json\/wp\/v2\/media?parent=125820"}],"wp:term":[{"taxonomy":"category","embeddable":true,"href":"https:\/\/linitiative.ca\/International\/wp-json\/wp\/v2\/categories?post=125820"},{"taxonomy":"post_tag","embeddable":true,"href":"https:\/\/linitiative.ca\/International\/wp-json\/wp\/v2\/tags?post=125820"}],"curies":[{"name":"wp","href":"https:\/\/api.w.org\/{rel}","templated":true}]}}