{"id":125823,"date":"2021-09-02T08:30:21","date_gmt":"2021-09-02T12:30:21","guid":{"rendered":"https:\/\/linitiative.ca\/International\/malgre-la-crise-6242-entreprises-creees-en-2020-a-marrakech-safi\/"},"modified":"2021-09-02T08:30:21","modified_gmt":"2021-09-02T12:30:21","slug":"malgre-la-crise-6242-entreprises-creees-en-2020-a-marrakech-safi","status":"publish","type":"post","link":"https:\/\/linitiative.ca\/International\/malgre-la-crise-6242-entreprises-creees-en-2020-a-marrakech-safi\/","title":{"rendered":"Malgr\u00e9 la crise : 6242 entreprises cr\u00e9\u00e9es en 2020 \u00e0 Marrakech-Safi"},"content":{"rendered":"<div>\n<p><img decoding=\"async\" width=\"300\" height=\"153\" src=\"https:\/\/linitiative.ca\/International\/wp-content\/uploads\/sites\/23\/2021\/09\/cri-marrakech-300x153-1.jpg\" class=\"attachment-medium size-medium wp-post-image\" alt=\"\" loading=\"lazy\" srcset=\"\/\/aujourdhui.ma\/wp-content\/uploads\/2016\/08\/cri-marrakech-300x153.jpg 300w, \/\/aujourdhui.ma\/wp-content\/uploads\/2016\/08\/cri-marrakech.jpg 746w\" sizes=\"auto, (max-width: 300px) 100vw, 300px\"><\/p>\n<p><span style=\"color: #800000;\"><strong>Ce sont 6242 entreprises qui ont \u00e9t\u00e9 cr\u00e9\u00e9es durant l\u2019ann\u00e9e 2020 \u00e0 Marrakech -Safi.<\/strong><\/span><span id=\"more-385642\"><\/span><\/p>\n<p>Le chiffre est pr\u00e9cis\u00e9 par le Centre r\u00e9gional d\u2019investissement (CRI) de la r\u00e9gion qui d\u00e9taille que ce nombre illustre \u00abune \u00e9volution consid\u00e9rable d\u2019une valeur de 30% au niveau national, compar\u00e9e \u00e0 Casablanca- Settat qui occupe la deuxi\u00e8me place\u00bb. Ainsi, Marrakech-Safi conna\u00eet, malgr\u00e9 la crise sanitaire due au Covid-19 et les restrictions sociales et \u00e9conomiques dominantes, \u00abune expansion de cr\u00e9ation de nouveaux projets dans diff\u00e9rents secteurs\u00bb. En d\u00e9tail, des programmes au profit des jeunes entrepreneurs porteurs de projets ont, selon le CRI, \u00e9t\u00e9 mis en place et sont pilot\u00e9s par le wali de la r\u00e9gion. Il s\u2019agit notamment du programme national int\u00e9gr\u00e9 d\u2019appui et de financement de l\u2019Entrepreneuriat (PIAFE); initi\u00e9 par SM le Roi Mohammed VI, et du Programme d\u2019insertion \u00e9conomique des jeunes de la Banque mondiale, en partenariat avec l\u2019INDH. L\u2019objectif \u00e9tant le d\u00e9veloppement de l\u2019emploi \u00e0 travers la cr\u00e9ation des TPE (Toutes petites entreprises) et PME (Petites et moyennes Entreprises).<\/p>\n<p>\u00abLe CRI Marrakech- Safi engage un accompagnement adh\u00e9rent au profit de ces jeunes dans tout le processus de la mise en marche de projets g\u00e9n\u00e9rateurs de revenus, surtout dans le monde rural\u00bb, ajoute cette structure qui a d\u00e9j\u00e0 engag\u00e9 des actions percutantes, suivant la r\u00e9forme lanc\u00e9e par Sa Majest\u00e9 le Roi Mohammed VI lors de son discours du Tr\u00f4ne du 29 juillet 2017. Mieux encore, le CRI de cette r\u00e9gion, connue pour ses diverses richesses et peut abriter des projets de diff\u00e9rents secteurs, met \u00e0 la disposition des investisseurs une offre territoriale accomplie. A savoir la simplification des proc\u00e9dures administratives \u00e0 travers le guichet unique, la mise en place des offres territoriales pour obtenir un climat des affaires efficace, la mise en valeur des atouts de Marrakech \u2013 Safi \u00e0 l\u2019\u00e9chelle nationale et internationale et la veille \u00e0 la qualit\u00e9 des services offerts aux investisseurs quel que soit le volume de l\u2019investissement.<\/p>\n<p>Dans l\u2019ensemble, la nouvelle dynamique positive dans la r\u00e9gion est prouv\u00e9e par le nombre des projets lanc\u00e9s durant une ann\u00e9e qualifi\u00e9e de difficile pour l\u2019\u00e9conomie mondiale. Pour rappel, le CRI de Marrakech-Safi oeuvre dans la perspective de d\u00e9velopper les investissements \u00e0 petit ou \u00e0 grand volume. Pour ce faire, il assure un climat d\u2019investissement propice qui influe le d\u00e9sir des entreprises d\u2019investir \u00e0 des fins productives.<\/p>\n<\/div>\n<p>Auteur: ALM<br \/>\n<a href=\"https:\/\/aujourdhui.ma\/economie\/malgre-la-crise-6242-entreprises-creees-en-2020-a-marrakech-safi\">Cliquez ici pour lire l&rsquo;article depuis sa source.<\/a><\/p>\n","protected":false},"excerpt":{"rendered":"<p>Ce sont 6242 entreprises qui ont \u00e9t\u00e9 cr\u00e9\u00e9es durant l\u2019ann\u00e9e 2020 \u00e0 Marrakech -Safi. Le chiffre est pr\u00e9cis\u00e9 par le Centre r\u00e9gional d\u2019investissement (CRI) de la r\u00e9gion qui d\u00e9taille que ce nombre illustre \u00abune \u00e9volution consid\u00e9rable d\u2019une valeur de 30% au niveau national, compar\u00e9e \u00e0 Casablanca- Settat qui occupe la deuxi\u00e8me place\u00bb. Ainsi, Marrakech-Safi conna\u00eet, [&hellip;]<\/p>\n","protected":false},"author":1759,"featured_media":0,"comment_status":"closed","ping_status":"closed","sticky":false,"template":"","format":"standard","meta":{"fifu_image_url":"https:\/\/aujourdhui.ma\/wp-content\/uploads\/2016\/08\/cri-marrakech-300x153.jpg","fifu_image_alt":"Malgr\u00e9 la crise : 6242 entreprises cr\u00e9\u00e9es en 2020 \u00e0 Marrakech-Safi","footnotes":""},"categories":[73,54],"tags":[],"class_list":["post-125823","post","type-post","status-publish","format-standard","hentry","category-actualite","category-maroc"],"_links":{"self":[{"href":"https:\/\/linitiative.ca\/International\/wp-json\/wp\/v2\/posts\/125823","targetHints":{"allow":["GET"]}}],"collection":[{"href":"https:\/\/linitiative.ca\/International\/wp-json\/wp\/v2\/posts"}],"about":[{"href":"https:\/\/linitiative.ca\/International\/wp-json\/wp\/v2\/types\/post"}],"author":[{"embeddable":true,"href":"https:\/\/linitiative.ca\/International\/wp-json\/wp\/v2\/users\/1759"}],"replies":[{"embeddable":true,"href":"https:\/\/linitiative.ca\/International\/wp-json\/wp\/v2\/comments?post=125823"}],"version-history":[{"count":0,"href":"https:\/\/linitiative.ca\/International\/wp-json\/wp\/v2\/posts\/125823\/revisions"}],"wp:attachment":[{"href":"https:\/\/linitiative.ca\/International\/wp-json\/wp\/v2\/media?parent=125823"}],"wp:term":[{"taxonomy":"category","embeddable":true,"href":"https:\/\/linitiative.ca\/International\/wp-json\/wp\/v2\/categories?post=125823"},{"taxonomy":"post_tag","embeddable":true,"href":"https:\/\/linitiative.ca\/International\/wp-json\/wp\/v2\/tags?post=125823"}],"curies":[{"name":"wp","href":"https:\/\/api.w.org\/{rel}","templated":true}]}}