{"id":125830,"date":"2021-09-02T11:42:15","date_gmt":"2021-09-02T15:42:15","guid":{"rendered":"https:\/\/linitiative.ca\/International\/covid19-la-situation-epidemiologique-au-2-septembre-2021-a-16h00\/"},"modified":"2021-09-02T11:42:15","modified_gmt":"2021-09-02T15:42:15","slug":"covid19-la-situation-epidemiologique-au-2-septembre-2021-a-16h00","status":"publish","type":"post","link":"https:\/\/linitiative.ca\/International\/covid19-la-situation-epidemiologique-au-2-septembre-2021-a-16h00\/","title":{"rendered":"Covid19 : La situation \u00e9pid\u00e9miologique au 2 septembre 2021 \u00e0 16H00"},"content":{"rendered":"<div>\n<p><img decoding=\"async\" width=\"300\" height=\"153\" src=\"https:\/\/linitiative.ca\/International\/wp-content\/uploads\/sites\/23\/2021\/09\/coronamaroc-300x153-1.jpg\" class=\"attachment-medium size-medium wp-post-image\" alt=\"\" loading=\"lazy\" srcset=\"\/\/aujourdhui.ma\/wp-content\/uploads\/2021\/05\/coronamaroc-300x153.jpg 300w, \/\/aujourdhui.ma\/wp-content\/uploads\/2021\/05\/coronamaroc-274x140.jpg 274w, \/\/aujourdhui.ma\/wp-content\/uploads\/2021\/05\/coronamaroc.jpg 746w, \/\/aujourdhui.ma\/wp-content\/uploads\/2021\/05\/coronamaroc-165x84.jpg 165w, \/\/aujourdhui.ma\/wp-content\/uploads\/2021\/05\/coronamaroc-702x358.jpg 702w\" sizes=\"auto, (max-width: 300px) 100vw, 300px\"><\/p>\n<p>5.383 nouveaux cas soit un cumul de 872.351 cas \u00e0 ce jour.<br \/>\n6.769 gu\u00e9risons soit un cumul de 807.433 \u00e0 ce jour.<br \/>\n70 nouveaux d\u00e9c\u00e8s donc un cumul de 12.819 \u00e0 ce jour.<span id=\"more-385678\"><\/span><\/p>\n<p><strong>Nombre de personnes vaccin\u00e9es au 2 septembre 16H00<\/strong><\/p>\n<p>1\u00e8re dose :<strong> 18 875 138<\/strong><\/p>\n<p>2\u00e8me dose :<strong> 15 285 804\u00a0<\/strong><\/p>\n<p>\u00a0<\/p>\n<div class=\"mom_images_grid mom_images_3_cols\">\n<ul class=\"galleryslider\">\n<li class=\"first\"><a href=\"https:\/\/aujourdhui.ma\/wp-content\/uploads\/2021\/09\/02.9.21.COVID-19_Page_1.jpg\" data-title=\"\" title=\"02.9.21.COVID-19_Page_1\"><img decoding=\"async\" alt=\"02.9.21.COVID-19_Page_1\" src=\"https:\/\/linitiative.ca\/International\/wp-content\/uploads\/sites\/23\/2021\/09\/02.9.21.COVID-19_Page_1-746x380-1.jpg\"><\/a><\/li>\n<li class=\"\"><a href=\"https:\/\/aujourdhui.ma\/wp-content\/uploads\/2021\/09\/02.9.21.COVID-19_Page_2.jpg\" data-title=\"\" title=\"02.9.21.COVID-19_Page_2\"><img decoding=\"async\" alt=\"02.9.21.COVID-19_Page_2\" src=\"https:\/\/linitiative.ca\/International\/wp-content\/uploads\/sites\/23\/2021\/09\/02.9.21.COVID-19_Page_2-746x380-1.jpg\"><\/a><\/li>\n<li class=\"last\"><a href=\"https:\/\/aujourdhui.ma\/wp-content\/uploads\/2021\/09\/02.9.21.COVID-19_Page_3.jpg\" data-title=\"\" title=\"02.9.21.COVID-19_Page_3\"><img decoding=\"async\" alt=\"02.9.21.COVID-19_Page_3\" src=\"https:\/\/linitiative.ca\/International\/wp-content\/uploads\/sites\/23\/2021\/09\/02.9.21.COVID-19_Page_3-746x380-1.jpg\"><\/a><\/li>\n<li class=\"first\"><a href=\"https:\/\/aujourdhui.ma\/wp-content\/uploads\/2021\/09\/02.9.21.COVID-19_Page_4.jpg\" data-title=\"\" title=\"02.9.21.COVID-19_Page_4\"><img decoding=\"async\" alt=\"02.9.21.COVID-19_Page_4\" src=\"https:\/\/linitiative.ca\/International\/wp-content\/uploads\/sites\/23\/2021\/09\/02.9.21.COVID-19_Page_4-746x380-1.jpg\"><\/a><\/li>\n<li class=\"\"><a href=\"https:\/\/aujourdhui.ma\/wp-content\/uploads\/2021\/09\/02.9.21.COVID-19_Page_5.jpg\" data-title=\"\" title=\"02.9.21.COVID-19_Page_5\"><img decoding=\"async\" alt=\"02.9.21.COVID-19_Page_5\" src=\"https:\/\/linitiative.ca\/International\/wp-content\/uploads\/sites\/23\/2021\/09\/02.9.21.COVID-19_Page_5-746x380-1.jpg\"><\/a><\/li>\n<\/ul>\n<\/div>\n<\/div>\n<p>Auteur: ALM<br \/>\n<a href=\"https:\/\/aujourdhui.ma\/societe\/covid19-la-situation-epidemiologique-au-2-septembre-2021-a-16h00\">Cliquez ici pour lire l&rsquo;article depuis sa source.<\/a><\/p>\n","protected":false},"excerpt":{"rendered":"<p>5.383 nouveaux cas soit un cumul de 872.351 cas \u00e0 ce jour. 6.769 gu\u00e9risons soit un cumul de 807.433 \u00e0 ce jour. 70 nouveaux d\u00e9c\u00e8s donc un cumul de 12.819 \u00e0 ce jour. Nombre de personnes vaccin\u00e9es au 2 septembre 16H00 1\u00e8re dose : 18 875 138 2\u00e8me dose : 15 285 804\u00a0 \u00a0 Auteur: [&hellip;]<\/p>\n","protected":false},"author":1759,"featured_media":0,"comment_status":"closed","ping_status":"closed","sticky":false,"template":"","format":"standard","meta":{"fifu_image_url":"https:\/\/aujourdhui.ma\/wp-content\/uploads\/2021\/05\/coronamaroc-300x153.jpg","fifu_image_alt":"Covid19 : La situation \u00e9pid\u00e9miologique au 2 septembre 2021 \u00e0 16H00","footnotes":""},"categories":[73,54],"tags":[],"class_list":["post-125830","post","type-post","status-publish","format-standard","hentry","category-actualite","category-maroc"],"_links":{"self":[{"href":"https:\/\/linitiative.ca\/International\/wp-json\/wp\/v2\/posts\/125830","targetHints":{"allow":["GET"]}}],"collection":[{"href":"https:\/\/linitiative.ca\/International\/wp-json\/wp\/v2\/posts"}],"about":[{"href":"https:\/\/linitiative.ca\/International\/wp-json\/wp\/v2\/types\/post"}],"author":[{"embeddable":true,"href":"https:\/\/linitiative.ca\/International\/wp-json\/wp\/v2\/users\/1759"}],"replies":[{"embeddable":true,"href":"https:\/\/linitiative.ca\/International\/wp-json\/wp\/v2\/comments?post=125830"}],"version-history":[{"count":0,"href":"https:\/\/linitiative.ca\/International\/wp-json\/wp\/v2\/posts\/125830\/revisions"}],"wp:attachment":[{"href":"https:\/\/linitiative.ca\/International\/wp-json\/wp\/v2\/media?parent=125830"}],"wp:term":[{"taxonomy":"category","embeddable":true,"href":"https:\/\/linitiative.ca\/International\/wp-json\/wp\/v2\/categories?post=125830"},{"taxonomy":"post_tag","embeddable":true,"href":"https:\/\/linitiative.ca\/International\/wp-json\/wp\/v2\/tags?post=125830"}],"curies":[{"name":"wp","href":"https:\/\/api.w.org\/{rel}","templated":true}]}}