{"id":125837,"date":"2021-09-01T14:00:00","date_gmt":"2021-09-01T18:00:00","guid":{"rendered":"https:\/\/linitiative.ca\/International\/royaume-du-maroc-une-democratie-a-lepreuve-de-soukaina-regragui\/"},"modified":"2021-09-01T14:00:00","modified_gmt":"2021-09-01T18:00:00","slug":"royaume-du-maroc-une-democratie-a-lepreuve-de-soukaina-regragui","status":"publish","type":"post","link":"https:\/\/linitiative.ca\/International\/royaume-du-maroc-une-democratie-a-lepreuve-de-soukaina-regragui\/","title":{"rendered":"\u00ab Royaume du Maroc: Une d\u00e9mocratie \u00e0 l\u2019\u00e9preuve \u00bb de Souka\u00efna R\u00e9gragui"},"content":{"rendered":"<div>\n<p class=\"has-text-align-center has-vivid-red-color has-text-color\"><strong>Vient de paraitre<\/strong><\/p>\n<p class=\"has-black-color has-text-color\"><strong>\u00ab\u00a0Royaume du Maroc: Une d\u00e9mocratie \u00e0 l\u2019\u00e9preuve\u00a0\u00bb est l\u2019intitul\u00e9 d\u2019un nouvel ouvrage que vient de publier l\u2019universitaire et militante associative Souka\u00efna R\u00e9gragui aux \u00e9ditions Rimale.\u00a0 Ce livre de 211 pages (format moyen) porte sur la vie politique marocaine examin\u00e9e comme formant un ensemble, particuli\u00e8rement durant la p\u00e9riode ayant suivi les \u00ab\u00a0printemps arabes\u00a0\u00bb de 2011. \u00ab\u00a0La formulation du titre indique le questionnement qui sera au c\u0153ur du livre: le Maroc \u00e9tant consid\u00e9r\u00e9 a priori comme \u00e9tant une d\u00e9mocratie, quelles sont les \u00e9preuves qu\u2019il conna\u00eet actuellement? En d\u2019autres termes, quelles sont les difficult\u00e9s que conna\u00eet actuellement cette d\u00e9mocratie et qui font qu\u2019elle n\u2019est pas (encore) la d\u00e9mocratie id\u00e9ale esp\u00e9r\u00e9e ?\u00a0\u00bb, \u00e9crit l\u2019anthropologue et critique Jean-Fran\u00e7ois Cl\u00e9ment dans la pr\u00e9face de l\u2019ouvrage.<\/strong><\/p>\n<p class=\"has-black-color has-text-color\">Ce qui caract\u00e9rise ce livre est bien son caract\u00e8re g\u00e9n\u00e9raliste. L\u2019auteur, dipl\u00f4m\u00e9e en sciences politiques de l\u2019Universit\u00e9 Mohammed V de Rabat, aborde en effet de tr\u00e8s nombreuses questions en donnant parfois son point de vue, parfois apparaissent aussi quelques jugements de valeur.<\/p>\n<p class=\"has-black-color has-text-color\">Par cette volont\u00e9 d\u2019aborder le syst\u00e8me politique comme une totalit\u00e9, ce livre peut \u00eatre rapproch\u00e9 d\u2019autres ouvrages comme ceux de Mohamed Gallaoui ou de Mohamed Berdouzi.<br \/>\u00ab\u00a0Le r\u00eave de l\u2019auteur, essentiel ici, est plus d\u2019expliciter un projet de d\u00e9mocratie lib\u00e9r\u00e9e de multiples entraves qu\u2019elle d\u00e9crit. Il est aussi de voir \u00e9galement l\u2019ensemble de la soci\u00e9t\u00e9 marocaine choisir un projet d\u2019espoir commun\u00a0\u00bb, lit-on dans la pr\u00e9face.<\/p>\n<p>L\u2019article <a rel=\"nofollow\" href=\"http:\/\/albayane.press.ma\/royaume-du-maroc-une-democratie-a-lepreuve-de-soukaina-regragui.html\">\u00ab Royaume du Maroc: Une d\u00e9mocratie \u00e0 l\u2019\u00e9preuve \u00bb de Souka\u00efna R\u00e9gragui<\/a> est apparu en premier sur <a rel=\"nofollow\" href=\"http:\/\/albayane.press.ma\/\">ALBAYANE<\/a>.<\/p>\n<\/div>\n<p>Auteur: M&rsquo;hammed rahal<br \/>\n<a href=\"http:\/\/albayane.press.ma\/royaume-du-maroc-une-democratie-a-lepreuve-de-soukaina-regragui.html\">Cliquez ici pour lire l&rsquo;article depuis sa source.<\/a><\/p>\n","protected":false},"excerpt":{"rendered":"<p>Vient de paraitre \u00ab\u00a0Royaume du Maroc: Une d\u00e9mocratie \u00e0 l\u2019\u00e9preuve\u00a0\u00bb est l\u2019intitul\u00e9 d\u2019un nouvel ouvrage que vient de publier l\u2019universitaire et militante associative Souka\u00efna R\u00e9gragui aux \u00e9ditions Rimale.\u00a0 Ce livre de 211 pages (format moyen) porte sur la vie politique marocaine examin\u00e9e comme formant un ensemble, particuli\u00e8rement durant la p\u00e9riode ayant suivi les \u00ab\u00a0printemps arabes\u00a0\u00bb [&hellip;]<\/p>\n","protected":false},"author":1760,"featured_media":0,"comment_status":"closed","ping_status":"closed","sticky":false,"template":"","format":"standard","meta":{"fifu_image_url":"","fifu_image_alt":"","footnotes":""},"categories":[73,54],"tags":[],"class_list":["post-125837","post","type-post","status-publish","format-standard","hentry","category-actualite","category-maroc"],"_links":{"self":[{"href":"https:\/\/linitiative.ca\/International\/wp-json\/wp\/v2\/posts\/125837","targetHints":{"allow":["GET"]}}],"collection":[{"href":"https:\/\/linitiative.ca\/International\/wp-json\/wp\/v2\/posts"}],"about":[{"href":"https:\/\/linitiative.ca\/International\/wp-json\/wp\/v2\/types\/post"}],"author":[{"embeddable":true,"href":"https:\/\/linitiative.ca\/International\/wp-json\/wp\/v2\/users\/1760"}],"replies":[{"embeddable":true,"href":"https:\/\/linitiative.ca\/International\/wp-json\/wp\/v2\/comments?post=125837"}],"version-history":[{"count":0,"href":"https:\/\/linitiative.ca\/International\/wp-json\/wp\/v2\/posts\/125837\/revisions"}],"wp:attachment":[{"href":"https:\/\/linitiative.ca\/International\/wp-json\/wp\/v2\/media?parent=125837"}],"wp:term":[{"taxonomy":"category","embeddable":true,"href":"https:\/\/linitiative.ca\/International\/wp-json\/wp\/v2\/categories?post=125837"},{"taxonomy":"post_tag","embeddable":true,"href":"https:\/\/linitiative.ca\/International\/wp-json\/wp\/v2\/tags?post=125837"}],"curies":[{"name":"wp","href":"https:\/\/api.w.org\/{rel}","templated":true}]}}