{"id":125838,"date":"2021-09-01T14:00:00","date_gmt":"2021-09-01T18:00:00","guid":{"rendered":"https:\/\/linitiative.ca\/International\/lancement-du-site-nwl-faapa\/"},"modified":"2021-09-01T14:00:00","modified_gmt":"2021-09-01T18:00:00","slug":"lancement-du-site-nwl-faapa","status":"publish","type":"post","link":"https:\/\/linitiative.ca\/International\/lancement-du-site-nwl-faapa\/","title":{"rendered":"Lancement du site NWL-FAAPA"},"content":{"rendered":"<div>\n<p class=\"has-text-align-center has-vivid-red-color has-text-color\"><strong>Espace de communication des femmes leaders des agences de presse africaines<\/strong><\/p>\n<p class=\"has-black-color has-text-color\"><strong>Le r\u00e9seau des femmes leaders des agences de presse africaines (NWL) a lanc\u00e9, mercredi, son site web (http:\/\/nwl.faapa.info), en application des recommandations de la derni\u00e8re Assembl\u00e9e G\u00e9n\u00e9rale de la F\u00e9d\u00e9ration Atlantique des Agences de Presse Africaines (FAAPA), qui est pr\u00e9sid\u00e9e par M. Khalil Hachimi Idrissi, Directeur G\u00e9n\u00e9ral de la MAP.<\/strong><\/p>\n<p class=\"has-black-color has-text-color\">Espace de communication et de partage destin\u00e9 aux journalistes et femmes leaders de cette F\u00e9d\u00e9ration panafricaine, ce site ergonomique se veut un v\u00e9ritable vecteur entre toutes les personnes int\u00e9ress\u00e9es par la question du leadership f\u00e9minin. Il a pour ambition d\u2019\u00eatre un portail \u00e9volutif et interactif et de dynamiser la communication et l\u2019\u00e9change d\u2019informations entre les diff\u00e9rents acteurs et partenaires du r\u00e9seau des femmes leaders.<\/p>\n<p class=\"has-black-color has-text-color\">Il contient, dans ses versions fran\u00e7aise et anglaise, un ensemble d\u2019agr\u00e9gats d\u2019information et de donn\u00e9es sur le r\u00e9seau des femmes leaders des agences de presse africaines ainsi que sur le leadership f\u00e9minin en g\u00e9n\u00e9ral.<br \/>Avec une arborescence simple, ce site web renferme aussi des \u00e9l\u00e9ments visuels qui le rendent plus attractif, le but \u00e9tant d\u2019accro\u00eetre la visibilit\u00e9 et la notori\u00e9t\u00e9 de cette plateforme de communication tant au niveau africain qu\u2019international.<\/p>\n<p class=\"has-black-color has-text-color\">Dans son mot de bienvenue publi\u00e9 sur le site, la journaliste Carine Edwige MINDZE, Coordonnatrice g\u00e9n\u00e9rale du NWL-FAAPA, met en exergue le r\u00f4le de ce r\u00e9seau, qui se veut une plateforme professionnelle d\u00e9di\u00e9e au leadership f\u00e9minin, dans la concr\u00e9tisation des actions visant la valorisation et le d\u00e9veloppement du leadership f\u00e9minin en Afrique et ailleurs. Elle met \u00e9galement l\u2019accent sur l\u2019importance du site web nwl.faapa.info, qui constitue un v\u00e9ritable espace de communication et de partage.<\/p>\n<p class=\"has-black-color has-text-color\">Le r\u00e9seau des femmes leaders des agences de presse africaines a pour point de mire la valorisation des activit\u00e9s et actions de ce r\u00e9seau affili\u00e9 \u00e0 la FAAPA, en apportant la touche f\u00e9minine aux c\u00f4t\u00e9s des autres maillons de la cha\u00eene que constitue cette f\u00e9d\u00e9ration panafricaine, souligne-t-elle.<\/p>\n<p class=\"has-black-color has-text-color\">Le r\u00e9seau des femmes leaders des agences de presse africaines a \u00e9t\u00e9 cr\u00e9\u00e9 le 17 octobre 2019 par les journalistes et cadres femmes qui ont particip\u00e9 au s\u00e9minaire sur le th\u00e8me \u00ab\u00a0Leadership f\u00e9minin : besoins et strat\u00e9gies des agences de presse africaines\u00a0\u00bb, organis\u00e9 au Centre Africain de Formation des Journalistes (CAFJ) \u00e0 Rabat, au Maroc.<br \/>Il a pour objectifs d\u2019asseoir un partenariat strat\u00e9gique et de promouvoir l\u2019\u00e9change d\u2019exp\u00e9riences et de donn\u00e9es ainsi que le partage des comp\u00e9tences entre ses membres dans tous les domaines d\u2019int\u00e9r\u00eat commun, notamment dans le domaine du leadership f\u00e9minin.<\/p>\n<p>L\u2019article <a rel=\"nofollow\" href=\"http:\/\/albayane.press.ma\/lancement-du-site-nwl-faapa.html\">Lancement du site NWL-FAAPA<\/a> est apparu en premier sur <a rel=\"nofollow\" href=\"http:\/\/albayane.press.ma\/\">ALBAYANE<\/a>.<\/p>\n<\/div>\n<p>Auteur: M&rsquo;hammed rahal<br \/>\n<a href=\"http:\/\/albayane.press.ma\/lancement-du-site-nwl-faapa.html\">Cliquez ici pour lire l&rsquo;article depuis sa source.<\/a><\/p>\n","protected":false},"excerpt":{"rendered":"<p>Espace de communication des femmes leaders des agences de presse africaines Le r\u00e9seau des femmes leaders des agences de presse africaines (NWL) a lanc\u00e9, mercredi, son site web (http:\/\/nwl.faapa.info), en application des recommandations de la derni\u00e8re Assembl\u00e9e G\u00e9n\u00e9rale de la F\u00e9d\u00e9ration Atlantique des Agences de Presse Africaines (FAAPA), qui est pr\u00e9sid\u00e9e par M. Khalil Hachimi [&hellip;]<\/p>\n","protected":false},"author":1760,"featured_media":0,"comment_status":"closed","ping_status":"closed","sticky":false,"template":"","format":"standard","meta":{"fifu_image_url":"","fifu_image_alt":"","footnotes":""},"categories":[73,54],"tags":[],"class_list":["post-125838","post","type-post","status-publish","format-standard","hentry","category-actualite","category-maroc"],"_links":{"self":[{"href":"https:\/\/linitiative.ca\/International\/wp-json\/wp\/v2\/posts\/125838","targetHints":{"allow":["GET"]}}],"collection":[{"href":"https:\/\/linitiative.ca\/International\/wp-json\/wp\/v2\/posts"}],"about":[{"href":"https:\/\/linitiative.ca\/International\/wp-json\/wp\/v2\/types\/post"}],"author":[{"embeddable":true,"href":"https:\/\/linitiative.ca\/International\/wp-json\/wp\/v2\/users\/1760"}],"replies":[{"embeddable":true,"href":"https:\/\/linitiative.ca\/International\/wp-json\/wp\/v2\/comments?post=125838"}],"version-history":[{"count":0,"href":"https:\/\/linitiative.ca\/International\/wp-json\/wp\/v2\/posts\/125838\/revisions"}],"wp:attachment":[{"href":"https:\/\/linitiative.ca\/International\/wp-json\/wp\/v2\/media?parent=125838"}],"wp:term":[{"taxonomy":"category","embeddable":true,"href":"https:\/\/linitiative.ca\/International\/wp-json\/wp\/v2\/categories?post=125838"},{"taxonomy":"post_tag","embeddable":true,"href":"https:\/\/linitiative.ca\/International\/wp-json\/wp\/v2\/tags?post=125838"}],"curies":[{"name":"wp","href":"https:\/\/api.w.org\/{rel}","templated":true}]}}