{"id":125839,"date":"2021-09-01T14:00:00","date_gmt":"2021-09-01T18:00:00","guid":{"rendered":"https:\/\/linitiative.ca\/International\/la-relance-de-la-destination-agadir\/"},"modified":"2021-09-01T14:00:00","modified_gmt":"2021-09-01T18:00:00","slug":"la-relance-de-la-destination-agadir","status":"publish","type":"post","link":"https:\/\/linitiative.ca\/International\/la-relance-de-la-destination-agadir\/","title":{"rendered":"La relance de la destination Agadir"},"content":{"rendered":"<div>\n<p class=\"has-text-align-left has-black-color has-text-color\"><strong>Comment insuffler de nouvelles bouff\u00e9es d\u2019oxyg\u00e8ne pour le produit du tourisme fort amoindri par la pand\u00e9mie, dans la capitale du Souss ? C\u2019est la question que se posent les intervenants du secteur, toutes constituantes confondues. La premi\u00e8re station baln\u00e9aire du royaume est en qu\u00eate d\u2019une redynamisation soutenue, en tant que levier essentiel de l\u2019essor global, car depuis d\u00e9j\u00e0 des lustres, elle enregistre toujours une tendance baissi\u00e8re, accentu\u00e9e par les effets de la crise virale. Cette donne marqu\u00e9e de fl\u00e9chissement chronique n\u00e9cessite, en fait, une large mobilisation de la part de tous les op\u00e9rateurs, aussi bien institutionnels que professionnels, pour assurer la relance escompt\u00e9e. La mise en place d\u2019un nouvel ex\u00e9cutif, juste apr\u00e8s les pr\u00e9sentes \u00e9lections, est fortement interpell\u00e9e sur les priorit\u00e9s de redressement \u00e0 entamer dans les pi\u00e9destaux de l\u2019\u00e9conomie nationale, avec \u00e0 leur t\u00eate l\u2019industrie du tourisme.<\/strong><\/p>\n<p class=\"has-text-align-left has-black-color has-text-color\"><strong>Reconsid\u00e9rer le dispositif du Plan Azur, s\u2019aligner pleinement dans le sillage de la vision 2030, parfaire le module de la saisonnalit\u00e9, relever de plus belle les taux d\u2019arriv\u00e9es et de nuit\u00e9es, raviver le volet a\u00e9rien, relever les capacit\u00e9s laiti\u00e8res sont, \u00e0 coup s\u00fbr, les premiers leitmotivs du cheval de bataille. Ce dont souffre exactement le potentiel d\u2019une destination souffrante telle Agadir. Il est donc question d\u2019une synergie collective pour faire face \u00e0 cette baisse, \u00e0 travers un plan d\u2019action concert\u00e9 avec l\u2019Office National Marocain de Tourisme (ONMT) et le Conseil R\u00e9gional du Tourisme (CRT) Souss Massa, ainsi que les divers partenaires. Il est bien \u00e9vident que les crises qui secouent actuellement les march\u00e9s traditionnels influent n\u00e9gativement sur les rendements en termes de drainages. Toutefois, la stabilit\u00e9 politique et la maitrise institutionnelle demeurent, de tout temps, un atout de haute importance pour pr\u00e9tendre \u00e0 des prouesses sur les plans \u00e9conomique et social. <\/strong><\/p>\n<p class=\"has-text-align-left has-black-color has-text-color\"><strong>On a constamment dit que la capacit\u00e9 h\u00f4teli\u00e8re faisait d\u00e9faut, depuis que, sur un peu plus de 20 000 lits existants pr\u00e9sum\u00e9s susceptibles d\u2019\u00eatre commercialis\u00e9s, plus de la moiti\u00e9 est d\u00e9labr\u00e9e et se trouve continuellement dans un \u00e9tat piteux. On d\u00e9plorera aussi non sans profonde amertume que l\u2019a\u00e9rien constitue un r\u00e9el handicap, depuis que la compagnie nationale exerce une politique r\u00e9ductionnelle \u00e0 cet \u00e9gard, d\u2019autant plus qu\u2019on persiste \u00e0 bouder la destination. Des march\u00e9s porteurs tels que l\u2019Allemagne, la Grande Bretagne et la Scandinavie exigent forc\u00e9ment les dessertes a\u00e9riennes idoines et l\u2019\u00e9ventail d\u2019accueil \u00e9tendu. Par ailleurs, on a beau reproduit des discours d\u2019euph\u00e9misme par rapport \u00e0 l\u2019arri\u00e8re pays regorgeant de potentialit\u00e9s naturelles ind\u00e9niables, il se trouve que l\u2019am\u00e9nagement de ces sites laisse \u00e0 d\u00e9sirer, \u00e0 l\u2019image de la r\u00e9gion d\u2019Immouzzer, lamentablement abandonn\u00e9e \u00e0 son sort, malgr\u00e9 des \u00e9bauches timides en mati\u00e8re des sentiers p\u00e9destres, dans le cadre de la strat\u00e9gie du Pays d\u2019Accueil Touristique (PAT). Une destination comme Agadir est cens\u00e9e rebondir \u00e0 plein r\u00e9gime, avec une v\u00e9ritable politique de relance agressive, ax\u00e9e sur la consolidation des structures d\u2019accueil et des activit\u00e9s parall\u00e8les (h\u00f4tellerie, restauration, agences de voyage, produits artisanaux\u2026), la mise en marche des projets structurants d\u2019accompagnement, la diversification du produit propos\u00e9, la mise en place de promotion et de marketing performants, la mise en fonction de l\u2019animation continuelle pour r\u00e9duire la saisonnalit\u00e9\u2026<\/strong><\/p>\n<p>L\u2019article <a rel=\"nofollow\" href=\"http:\/\/albayane.press.ma\/la-relance-de-la-destination-agadir.html\">La relance de la destination Agadir<\/a> est apparu en premier sur <a rel=\"nofollow\" href=\"http:\/\/albayane.press.ma\/\">ALBAYANE<\/a>.<\/p>\n<\/div>\n<p>Auteur: M&rsquo;hammed rahal<br \/>\n<a href=\"http:\/\/albayane.press.ma\/la-relance-de-la-destination-agadir.html\">Cliquez ici pour lire l&rsquo;article depuis sa source.<\/a><\/p>\n","protected":false},"excerpt":{"rendered":"<p>Comment insuffler de nouvelles bouff\u00e9es d\u2019oxyg\u00e8ne pour le produit du tourisme fort amoindri par la pand\u00e9mie, dans la capitale du Souss ? C\u2019est la question que se posent les intervenants du secteur, toutes constituantes confondues. La premi\u00e8re station baln\u00e9aire du royaume est en qu\u00eate d\u2019une redynamisation soutenue, en tant que levier essentiel de l\u2019essor global, [&hellip;]<\/p>\n","protected":false},"author":1760,"featured_media":0,"comment_status":"closed","ping_status":"closed","sticky":false,"template":"","format":"standard","meta":{"fifu_image_url":"","fifu_image_alt":"","footnotes":""},"categories":[73,54],"tags":[],"class_list":["post-125839","post","type-post","status-publish","format-standard","hentry","category-actualite","category-maroc"],"_links":{"self":[{"href":"https:\/\/linitiative.ca\/International\/wp-json\/wp\/v2\/posts\/125839","targetHints":{"allow":["GET"]}}],"collection":[{"href":"https:\/\/linitiative.ca\/International\/wp-json\/wp\/v2\/posts"}],"about":[{"href":"https:\/\/linitiative.ca\/International\/wp-json\/wp\/v2\/types\/post"}],"author":[{"embeddable":true,"href":"https:\/\/linitiative.ca\/International\/wp-json\/wp\/v2\/users\/1760"}],"replies":[{"embeddable":true,"href":"https:\/\/linitiative.ca\/International\/wp-json\/wp\/v2\/comments?post=125839"}],"version-history":[{"count":0,"href":"https:\/\/linitiative.ca\/International\/wp-json\/wp\/v2\/posts\/125839\/revisions"}],"wp:attachment":[{"href":"https:\/\/linitiative.ca\/International\/wp-json\/wp\/v2\/media?parent=125839"}],"wp:term":[{"taxonomy":"category","embeddable":true,"href":"https:\/\/linitiative.ca\/International\/wp-json\/wp\/v2\/categories?post=125839"},{"taxonomy":"post_tag","embeddable":true,"href":"https:\/\/linitiative.ca\/International\/wp-json\/wp\/v2\/tags?post=125839"}],"curies":[{"name":"wp","href":"https:\/\/api.w.org\/{rel}","templated":true}]}}