{"id":125840,"date":"2021-09-01T14:00:00","date_gmt":"2021-09-01T18:00:00","guid":{"rendered":"https:\/\/linitiative.ca\/International\/resistant-aux-vaccins-mu-inquiete-la-planete\/"},"modified":"2021-09-01T14:00:00","modified_gmt":"2021-09-01T18:00:00","slug":"resistant-aux-vaccins-mu-inquiete-la-planete","status":"publish","type":"post","link":"https:\/\/linitiative.ca\/International\/resistant-aux-vaccins-mu-inquiete-la-planete\/","title":{"rendered":"R\u00e9sistant aux vaccins, \u00ab Mu \u00bb inqui\u00e8te la plan\u00e8te"},"content":{"rendered":"<div>\n<p class=\"has-text-align-center has-vivid-red-color has-text-color\"><strong>Un nouveau variant du Coronavirus\u00a0surveill\u00e9 de pr\u00e8s par l\u2019OMS<\/strong><\/p>\n<p class=\"has-text-align-left has-black-color has-text-color\"><strong>Un nouveau variant du coronavirus, baptis\u00e9 \u00ab Mu\u00bb et d\u00e9couvert en Colombie en janvier dernier, a \u00e9t\u00e9 class\u00e9 comme \u00ab\u00a0variant \u00e0 suivre\u00a0\u00bb par l\u2019Organisation mondiale de la sant\u00e9 (OMS), a-t-elle indiqu\u00e9 dans la nuit de mardi \u00e0 mercredi.<\/strong><\/p>\n<p class=\"has-text-align-left has-black-color has-text-color\">\u00ab\u00a0Bien que la pr\u00e9valence mondiale du variant Mu parmi les cas s\u00e9quenc\u00e9s ait diminu\u00e9 et soit actuellement inf\u00e9rieure \u00e0 0,1%, sa pr\u00e9valence en Colombie (39%) et en Equateur (13%) a constamment augment\u00e9\u00a0\u00bb, a expliqu\u00e9 l\u2019OMS dans son bulletin \u00e9pid\u00e9miologique hebdomadaire sur l\u2019\u00e9volution de la pand\u00e9mie.<\/p>\n<p class=\"has-text-align-left has-black-color has-text-color\">L\u2019agence sp\u00e9cialis\u00e9e de l\u2019ONU pr\u00e9cise que le variant pr\u00e9sente des mutations qui pourraient indiquer un risque d&rsquo;\u00a0\u00bb\u00e9chappement immunitaire\u00a0\u00bb (r\u00e9sistance aux vaccins), et souligne que des \u00e9tudes suppl\u00e9mentaires sont n\u00e9cessaires pour mieux comprendre ses caract\u00e9ristiques.<\/p>\n<p class=\"has-text-align-left has-black-color has-text-color\">Le variant \u2013 B.1.621 d\u2019apr\u00e8s la nomenclature scientifique \u2013 a pour l\u2019instant \u00e9t\u00e9 class\u00e9 comme \u00ab\u00a0variant \u00e0 suivre\u00a0\u00bb, a indiqu\u00e9 l\u2019OMS.\u00a0 Tous les virus, y compris le SARS-CoV-2 responsable du Covid-19, mutent avec le temps. La plupart des mutations n\u2019ont que peu ou pas d\u2019incidence sur les propri\u00e9t\u00e9s du virus.<\/p>\n<p class=\"has-text-align-left has-black-color has-text-color\">Cependant, certaines mutations peuvent affecter les propri\u00e9t\u00e9s du virus et influer, par exemple, sur la facilit\u00e9 avec laquelle il se propage, la gravit\u00e9 de la maladie qu\u2019il entra\u00eene ou l\u2019efficacit\u00e9 des vaccins, des m\u00e9dicaments, des outils de diagnostic ou des autres mesures sociales et de sant\u00e9 publique.<\/p>\n<p class=\"has-text-align-left has-black-color has-text-color\">L\u2019apparition, fin 2020, de variants qui pr\u00e9sentaient un risque accru pour la sant\u00e9 publique mondiale a conduit l\u2019OMS \u00e0 caract\u00e9riser des variants \u00e0 suivre et des variants pr\u00e9occupants, afin de hi\u00e9rarchiser les activit\u00e9s de surveillance et de recherche au niveau mondial.<\/p>\n<p class=\"has-text-align-left has-black-color has-text-color\">L\u2019OMS a d\u00e9cid\u00e9 de nommer les variants \u00e0 suivre ou pr\u00e9occupants \u00e0 l\u2019aide de lettres de l\u2019alphabet grec, afin d\u2019\u00e9viter toute stigmatisation d\u2019un pays en particulier et de permettre au grand public de prononcer les noms plus facilement.<br \/>Actuellement, l\u2019OMS consid\u00e8re que quatre variants sont pr\u00e9occupants, dont les variants Alpha, pr\u00e9sent dans 193 pays, et Delta, pr\u00e9sent dans 170 pays, tandis que cinq autres variants sont \u00e0 suivre (y compris Mu).<br \/>Le variant Mu a \u00e9t\u00e9 d\u00e9tect\u00e9 pour la premi\u00e8re fois en Colombie en janvier. Depuis, il a \u00e9t\u00e9 signal\u00e9 dans d\u2019autres pays d\u2019Am\u00e9rique du Sud et en Europe.<\/p>\n<p>L\u2019article <a rel=\"nofollow\" href=\"http:\/\/albayane.press.ma\/resistant-aux-vaccins-mu-inquiete-la-planete.html\">R\u00e9sistant aux vaccins, \u00ab Mu \u00bb inqui\u00e8te la plan\u00e8te<\/a> est apparu en premier sur <a rel=\"nofollow\" href=\"http:\/\/albayane.press.ma\/\">ALBAYANE<\/a>.<\/p>\n<\/div>\n<p>Auteur: M&rsquo;hammed rahal<br \/>\n<a href=\"http:\/\/albayane.press.ma\/resistant-aux-vaccins-mu-inquiete-la-planete.html\">Cliquez ici pour lire l&rsquo;article depuis sa source.<\/a><\/p>\n","protected":false},"excerpt":{"rendered":"<p>Un nouveau variant du Coronavirus\u00a0surveill\u00e9 de pr\u00e8s par l\u2019OMS Un nouveau variant du coronavirus, baptis\u00e9 \u00ab Mu\u00bb et d\u00e9couvert en Colombie en janvier dernier, a \u00e9t\u00e9 class\u00e9 comme \u00ab\u00a0variant \u00e0 suivre\u00a0\u00bb par l\u2019Organisation mondiale de la sant\u00e9 (OMS), a-t-elle indiqu\u00e9 dans la nuit de mardi \u00e0 mercredi. \u00ab\u00a0Bien que la pr\u00e9valence mondiale du variant Mu [&hellip;]<\/p>\n","protected":false},"author":1760,"featured_media":0,"comment_status":"closed","ping_status":"closed","sticky":false,"template":"","format":"standard","meta":{"fifu_image_url":"","fifu_image_alt":"","footnotes":""},"categories":[73,54],"tags":[],"class_list":["post-125840","post","type-post","status-publish","format-standard","hentry","category-actualite","category-maroc"],"_links":{"self":[{"href":"https:\/\/linitiative.ca\/International\/wp-json\/wp\/v2\/posts\/125840","targetHints":{"allow":["GET"]}}],"collection":[{"href":"https:\/\/linitiative.ca\/International\/wp-json\/wp\/v2\/posts"}],"about":[{"href":"https:\/\/linitiative.ca\/International\/wp-json\/wp\/v2\/types\/post"}],"author":[{"embeddable":true,"href":"https:\/\/linitiative.ca\/International\/wp-json\/wp\/v2\/users\/1760"}],"replies":[{"embeddable":true,"href":"https:\/\/linitiative.ca\/International\/wp-json\/wp\/v2\/comments?post=125840"}],"version-history":[{"count":0,"href":"https:\/\/linitiative.ca\/International\/wp-json\/wp\/v2\/posts\/125840\/revisions"}],"wp:attachment":[{"href":"https:\/\/linitiative.ca\/International\/wp-json\/wp\/v2\/media?parent=125840"}],"wp:term":[{"taxonomy":"category","embeddable":true,"href":"https:\/\/linitiative.ca\/International\/wp-json\/wp\/v2\/categories?post=125840"},{"taxonomy":"post_tag","embeddable":true,"href":"https:\/\/linitiative.ca\/International\/wp-json\/wp\/v2\/tags?post=125840"}],"curies":[{"name":"wp","href":"https:\/\/api.w.org\/{rel}","templated":true}]}}