{"id":125841,"date":"2021-09-01T14:00:00","date_gmt":"2021-09-01T18:00:00","guid":{"rendered":"https:\/\/linitiative.ca\/International\/une-campagne-pour-la-consolidation-de-la-democratie\/"},"modified":"2021-09-01T14:00:00","modified_gmt":"2021-09-01T18:00:00","slug":"une-campagne-pour-la-consolidation-de-la-democratie","status":"publish","type":"post","link":"https:\/\/linitiative.ca\/International\/une-campagne-pour-la-consolidation-de-la-democratie\/","title":{"rendered":"Une campagne pour la consolidation de la d\u00e9mocratie"},"content":{"rendered":"<div>\n<p class=\"has-black-color has-text-color\"><strong>Deux campagnes sont men\u00e9es en m\u00eame temps\u00a0; et par la force des choses, elles s\u2019interf\u00e9rent tout en se d\u00e9roulant chacune dans le cadre qui est le sien.<\/strong><\/p>\n<p class=\"has-black-color has-text-color\">Men\u00e9e depuis quelques mois d\u00e9j\u00e0,la campagne de vaccination nationale ne cesse de s\u2019\u00e9largir eu \u00e9gard \u00e0 la n\u00e9cessit\u00e9 d\u2019assurer une rentr\u00e9e scolaire en pr\u00e9sentiel et en limitant la circulation du virus et de ses variants.<\/p>\n<p class=\"has-black-color has-text-color\">Et, \u00e0 quelques jours du vote qui d\u00e9partagera les candidat(e)s \u00e0 la Chambre des Repr\u00e9sentants, aux conseils des communes et aux conseils des r\u00e9gions,la campagne \u00e9lectorale se d\u00e9roule dans le respect des restrictions impos\u00e9es par les mesures pr\u00e9ventives contre la covid19.<\/p>\n<p class=\"has-black-color has-text-color\">Dans ce contexte, le r\u00f4le des m\u00e9dias s\u2019accentue. Si les foules ne sont plus soumises \u00e0 l\u2019\u00e9valuation de la capacit\u00e9 de mobilisation de chaque parti, les r\u00e9seaux sociaux s\u2019appr\u00eatent aussi bien \u00e0 la critique, \u00e0 la harangue, \u00e0 la d\u00e9nonciation, \u00e0 la mobilisation pour la participation, \u00e0 la pr\u00e9sentation des programmes \u00e9lectoraux dans des slides ou des podcasts, \u00e0 la reprise d\u2019\u00e9missions pour leur assurer une plus large diffusion et \u00e0 simplement la diffusion d\u2019un flyer o\u00f9 l\u2019ensemble de la liste candidate est pr\u00e9sent\u00e9e ou \u00e0 des appels pour voter. Dans la masse de l\u2019offre, on trouvera le reflet des contraintes et des contradictions qui traversent notre soci\u00e9t\u00e9. Plus que les adh\u00e9rents et les militants, des ressources humaines et des moyens financiers sont n\u00e9cessaires pour \u00e9laborer et diffuser.\u00a0\u00a0\u00a0<\/p>\n<p class=\"has-black-color has-text-color\">Cet usage g\u00e9n\u00e9ralis\u00e9 n\u2019exclut pas le contact humain. Les candidat(e)s du LIVRE multiplient autant les sorties l\u00e0 o\u00f9 l\u2019\u00e9lectorat se trouve.<\/p>\n<p class=\"has-black-color has-text-color\">Accompagn\u00e9 d\u2019anciens ministres, le secr\u00e9taire g\u00e9n\u00e9ral du PPS, candidat aux l\u00e9gislatives dans la capitale, se pr\u00e9sente pour susciter un court d\u00e9bat et solliciter autant la participation au scrutin que le vote pour les candidats(e)s du PPS. Dans la bonne humeur, malgr\u00e9 la distanciation physique impos\u00e9e par la propagation du coronavirus, l\u2019ensemble des organisations du parti est ainsi mobilis\u00e9 pour la reddition des comptes, l\u2019explication et la promotion des axes du programme \u00e9lectoral.Assurer l\u2019autre de son s\u00e9rieux et de\u00ab\u00a0son aptitude av\u00e9r\u00e9e \u00e0 servir ses semblables, (et) \u00e0 susciter leur confiance\u00a0\u00bb est le mot d\u2019ordre. Le prolongement de cette communication se retrouvera dans les r\u00e9seaux sociaux avec une animation et des chants affirmant l\u2019identit\u00e9 et l\u2019engagement du parti. Des discussions plus limit\u00e9es se feront pour emporter la conviction. De l\u2019essaimage de ce processus, et de sa multiplication, la campagne est men\u00e9e pour atteindre, d\u2019une mani\u00e8re ou d\u2019une autre, la population et la convaincre. Des \u00e9l\u00e9ments de m\u00e9diam\u00e9trie sont diffus\u00e9s pour \u00e9valuer l\u2019effort et le susciter encore plus sur l\u2019ensemble du territoire national.<\/p>\n<p class=\"has-black-color has-text-color\">A ces deux campagnes, o\u00f9 l\u2019inflexion positive du changement est n\u00e9cessaire, s\u2019ajoutera la campagne agricole qui devra \u00eatre men\u00e9e \u00e0 bon escient dans le cadre des perturbations climatiques et leurs cons\u00e9quences. La ruralit\u00e9 a besoin d\u2019une r\u00e9volution pour sa modernisation et le d\u00e9veloppement des droits fondamentaux, \u00e9conomiques, sociaux et environnementaux d\u2019une population attach\u00e9e \u00e0 son terroir et \u00e0 la transformation de sa vie au quotidien dans le cadre de la justice sociale.<\/p>\n<p class=\"has-black-color has-text-color\">La complexit\u00e9 du vote des marocain(e)s sera-t-elle simplifi\u00e9e par une campagne \u00e9lectorale o\u00f9 la cam\u00e9ra est plus pr\u00e9sente qu\u2019auparavant\u00a0? Le taux de participation le montrera. A chacun de comprendre qu\u2019il s\u2019agit de la consolidation du processus d\u00e9mocratique dans son essence\u00a0; celle de la confiance dans le processus et dans les hommes et les femmes qui l\u2019animent. Le Maroc post-covid a besoin de cela pour r\u00e9pondre aux d\u00e9fis qu\u2019il affronte dans un contexte r\u00e9gional qui confirme son insularit\u00e9 g\u00e9opolitique mais aussi ses capacit\u00e9s de r\u00e9silience \u00e0 tous les niveaux.<\/p>\n<p>L\u2019article <a rel=\"nofollow\" href=\"http:\/\/albayane.press.ma\/une-campagne-pour-la-consolidation-de-la-democratie.html\">Une campagne pour la consolidation de la d\u00e9mocratie<\/a> est apparu en premier sur <a rel=\"nofollow\" href=\"http:\/\/albayane.press.ma\/\">ALBAYANE<\/a>.<\/p>\n<\/div>\n<p>Auteur: M&rsquo;hammed rahal<br \/>\n<a href=\"http:\/\/albayane.press.ma\/une-campagne-pour-la-consolidation-de-la-democratie.html\">Cliquez ici pour lire l&rsquo;article depuis sa source.<\/a><\/p>\n","protected":false},"excerpt":{"rendered":"<p>Deux campagnes sont men\u00e9es en m\u00eame temps\u00a0; et par la force des choses, elles s\u2019interf\u00e9rent tout en se d\u00e9roulant chacune dans le cadre qui est le sien. Men\u00e9e depuis quelques mois d\u00e9j\u00e0,la campagne de vaccination nationale ne cesse de s\u2019\u00e9largir eu \u00e9gard \u00e0 la n\u00e9cessit\u00e9 d\u2019assurer une rentr\u00e9e scolaire en pr\u00e9sentiel et en limitant la [&hellip;]<\/p>\n","protected":false},"author":1760,"featured_media":0,"comment_status":"closed","ping_status":"closed","sticky":false,"template":"","format":"standard","meta":{"fifu_image_url":"","fifu_image_alt":"","footnotes":""},"categories":[73,54],"tags":[],"class_list":["post-125841","post","type-post","status-publish","format-standard","hentry","category-actualite","category-maroc"],"_links":{"self":[{"href":"https:\/\/linitiative.ca\/International\/wp-json\/wp\/v2\/posts\/125841","targetHints":{"allow":["GET"]}}],"collection":[{"href":"https:\/\/linitiative.ca\/International\/wp-json\/wp\/v2\/posts"}],"about":[{"href":"https:\/\/linitiative.ca\/International\/wp-json\/wp\/v2\/types\/post"}],"author":[{"embeddable":true,"href":"https:\/\/linitiative.ca\/International\/wp-json\/wp\/v2\/users\/1760"}],"replies":[{"embeddable":true,"href":"https:\/\/linitiative.ca\/International\/wp-json\/wp\/v2\/comments?post=125841"}],"version-history":[{"count":0,"href":"https:\/\/linitiative.ca\/International\/wp-json\/wp\/v2\/posts\/125841\/revisions"}],"wp:attachment":[{"href":"https:\/\/linitiative.ca\/International\/wp-json\/wp\/v2\/media?parent=125841"}],"wp:term":[{"taxonomy":"category","embeddable":true,"href":"https:\/\/linitiative.ca\/International\/wp-json\/wp\/v2\/categories?post=125841"},{"taxonomy":"post_tag","embeddable":true,"href":"https:\/\/linitiative.ca\/International\/wp-json\/wp\/v2\/tags?post=125841"}],"curies":[{"name":"wp","href":"https:\/\/api.w.org\/{rel}","templated":true}]}}