{"id":125842,"date":"2021-09-02T09:51:03","date_gmt":"2021-09-02T13:51:03","guid":{"rendered":"https:\/\/linitiative.ca\/International\/rentree-inwi-devoile-ses-offres-haut-debit-fixe\/"},"modified":"2021-09-02T09:51:03","modified_gmt":"2021-09-02T13:51:03","slug":"rentree-inwi-devoile-ses-offres-haut-debit-fixe","status":"publish","type":"post","link":"https:\/\/linitiative.ca\/International\/rentree-inwi-devoile-ses-offres-haut-debit-fixe\/","title":{"rendered":"Rentr\u00e9e: Inwi d\u00e9voile ses offres haut d\u00e9bit fixe"},"content":{"rendered":"<div>\n<div class=\"field field-name-body field-type-text-with-summary field-label-hidden\">\n<div class=\"field-items\">\n<div class=\"field-item even\" property=\"content:encoded\">\n<p class=\"rtejustify\">Inwi a lanc\u00e9, \u00e0 l&rsquo;occasion de la rentr\u00e9e, des offres haut d\u00e9bit fixe \u00ab\u00a0exceptionnelles\u00a0\u00bb. \u00ab\u00a0A travers ces offres,\u00a0inwi permet \u00e0 ses clients, particuli\u00e8rement les \u00e9tudiants, de profiter d&rsquo;une connectivit\u00e9 optimale et de la meilleure technologie\u00a0\u00bb, indique l&rsquo;op\u00e9rateur de t\u00e9l\u00e9communications. Ainsi, la souscription \u00e0 l\u2019offre fibre inwi fait b\u00e9n\u00e9ficier le client d&rsquo;un forfait de 50 m\u00e9ga, pour le tarif exceptionnel de 249 DH\u00a0 par mois au lieu de 349 DH, pendant les 3 premiers mois.<\/p>\n<\/div>\n<\/div>\n<\/div>\n<\/div>\n<p>Auteur: hgueye<br \/>\n<a href=\"https:\/\/www.leconomiste.com\/flash-infos\/rentree-inwi-devoile-ses-offres-haut-debit-fixe\">Cliquez ici pour lire l&rsquo;article depuis sa source.<\/a><\/p>\n","protected":false},"excerpt":{"rendered":"<p>Inwi a lanc\u00e9, \u00e0 l&rsquo;occasion de la rentr\u00e9e, des offres haut d\u00e9bit fixe \u00ab\u00a0exceptionnelles\u00a0\u00bb. \u00ab\u00a0A travers ces offres,\u00a0inwi permet \u00e0 ses clients, particuli\u00e8rement les \u00e9tudiants, de profiter d&rsquo;une connectivit\u00e9 optimale et de la meilleure technologie\u00a0\u00bb, indique l&rsquo;op\u00e9rateur de t\u00e9l\u00e9communications. Ainsi, la souscription \u00e0 l\u2019offre fibre inwi fait b\u00e9n\u00e9ficier le client d&rsquo;un forfait de 50 m\u00e9ga, [&hellip;]<\/p>\n","protected":false},"author":1763,"featured_media":0,"comment_status":"closed","ping_status":"closed","sticky":false,"template":"","format":"standard","meta":{"fifu_image_url":"","fifu_image_alt":"","footnotes":""},"categories":[78,54],"tags":[],"class_list":["post-125842","post","type-post","status-publish","format-standard","hentry","category-economie","category-maroc"],"_links":{"self":[{"href":"https:\/\/linitiative.ca\/International\/wp-json\/wp\/v2\/posts\/125842","targetHints":{"allow":["GET"]}}],"collection":[{"href":"https:\/\/linitiative.ca\/International\/wp-json\/wp\/v2\/posts"}],"about":[{"href":"https:\/\/linitiative.ca\/International\/wp-json\/wp\/v2\/types\/post"}],"author":[{"embeddable":true,"href":"https:\/\/linitiative.ca\/International\/wp-json\/wp\/v2\/users\/1763"}],"replies":[{"embeddable":true,"href":"https:\/\/linitiative.ca\/International\/wp-json\/wp\/v2\/comments?post=125842"}],"version-history":[{"count":0,"href":"https:\/\/linitiative.ca\/International\/wp-json\/wp\/v2\/posts\/125842\/revisions"}],"wp:attachment":[{"href":"https:\/\/linitiative.ca\/International\/wp-json\/wp\/v2\/media?parent=125842"}],"wp:term":[{"taxonomy":"category","embeddable":true,"href":"https:\/\/linitiative.ca\/International\/wp-json\/wp\/v2\/categories?post=125842"},{"taxonomy":"post_tag","embeddable":true,"href":"https:\/\/linitiative.ca\/International\/wp-json\/wp\/v2\/tags?post=125842"}],"curies":[{"name":"wp","href":"https:\/\/api.w.org\/{rel}","templated":true}]}}