{"id":125843,"date":"2021-09-02T10:36:33","date_gmt":"2021-09-02T14:36:33","guid":{"rendered":"https:\/\/linitiative.ca\/International\/le-regulateur-irlandais-inflige-une-amende-record-a-whatsapp\/"},"modified":"2021-09-02T10:36:33","modified_gmt":"2021-09-02T14:36:33","slug":"le-regulateur-irlandais-inflige-une-amende-record-a-whatsapp","status":"publish","type":"post","link":"https:\/\/linitiative.ca\/International\/le-regulateur-irlandais-inflige-une-amende-record-a-whatsapp\/","title":{"rendered":"Le r\u00e9gulateur irlandais inflige une amende record \u00e0 Whatsapp"},"content":{"rendered":"<div>\n<div class=\"field field-name-body field-type-text-with-summary field-label-hidden\">\n<div class=\"field-items\">\n<div class=\"field-item even\" property=\"content:encoded\">\n<p class=\"rtejustify\">L\u2019autorit\u00e9 num\u00e9rique irlandaise a inflig\u00e9 une amende record \u00e0 Whatsapp, filiale du g\u00e9ant des r\u00e9seaux sociaux Facebook, pour avoir enfreint la r\u00e9glementation europ\u00e9enne sur la protection des donn\u00e9es personnelles.\u00a0<\/p>\n<\/div>\n<\/div>\n<\/div>\n<\/div>\n<p>Auteur: hgueye<br \/>\n<a href=\"https:\/\/www.leconomiste.com\/flash-infos\/le-regulateur-irlandais-inflige-une-amende-record-whatsapp\">Cliquez ici pour lire l&rsquo;article depuis sa source.<\/a><\/p>\n","protected":false},"excerpt":{"rendered":"<p>L\u2019autorit\u00e9 num\u00e9rique irlandaise a inflig\u00e9 une amende record \u00e0 Whatsapp, filiale du g\u00e9ant des r\u00e9seaux sociaux Facebook, pour avoir enfreint la r\u00e9glementation europ\u00e9enne sur la protection des donn\u00e9es personnelles.\u00a0 Auteur: hgueye Cliquez ici pour lire l&rsquo;article depuis sa source.<\/p>\n","protected":false},"author":1763,"featured_media":0,"comment_status":"closed","ping_status":"closed","sticky":false,"template":"","format":"standard","meta":{"fifu_image_url":"","fifu_image_alt":"","footnotes":""},"categories":[78,54],"tags":[],"class_list":["post-125843","post","type-post","status-publish","format-standard","hentry","category-economie","category-maroc"],"_links":{"self":[{"href":"https:\/\/linitiative.ca\/International\/wp-json\/wp\/v2\/posts\/125843","targetHints":{"allow":["GET"]}}],"collection":[{"href":"https:\/\/linitiative.ca\/International\/wp-json\/wp\/v2\/posts"}],"about":[{"href":"https:\/\/linitiative.ca\/International\/wp-json\/wp\/v2\/types\/post"}],"author":[{"embeddable":true,"href":"https:\/\/linitiative.ca\/International\/wp-json\/wp\/v2\/users\/1763"}],"replies":[{"embeddable":true,"href":"https:\/\/linitiative.ca\/International\/wp-json\/wp\/v2\/comments?post=125843"}],"version-history":[{"count":0,"href":"https:\/\/linitiative.ca\/International\/wp-json\/wp\/v2\/posts\/125843\/revisions"}],"wp:attachment":[{"href":"https:\/\/linitiative.ca\/International\/wp-json\/wp\/v2\/media?parent=125843"}],"wp:term":[{"taxonomy":"category","embeddable":true,"href":"https:\/\/linitiative.ca\/International\/wp-json\/wp\/v2\/categories?post=125843"},{"taxonomy":"post_tag","embeddable":true,"href":"https:\/\/linitiative.ca\/International\/wp-json\/wp\/v2\/tags?post=125843"}],"curies":[{"name":"wp","href":"https:\/\/api.w.org\/{rel}","templated":true}]}}