{"id":125846,"date":"2021-09-02T13:57:38","date_gmt":"2021-09-02T17:57:38","guid":{"rendered":"https:\/\/linitiative.ca\/International\/automobile-le-partenariat-maroc-stellantis-franchit-une-nouvelle-etape\/"},"modified":"2021-09-02T13:57:38","modified_gmt":"2021-09-02T17:57:38","slug":"automobile-le-partenariat-maroc-stellantis-franchit-une-nouvelle-etape","status":"publish","type":"post","link":"https:\/\/linitiative.ca\/International\/automobile-le-partenariat-maroc-stellantis-franchit-une-nouvelle-etape\/","title":{"rendered":"Automobile: Le partenariat Maroc-Stellantis franchit une nouvelle \u00e9tape"},"content":{"rendered":"<div>\n<div class=\"field field-name-body field-type-text-with-summary field-label-hidden\">\n<div class=\"field-items\">\n<div class=\"field-item even\" property=\"content:encoded\">\n<p class=\"rtejustify\">Le Groupe Stellantis (ex-PSA) et le Maroc franchissent une nouvelle \u00e9tape dans leur partenariat. Ils ont sign\u00e9, jeudi, un nouvel amendement\u00a0qui renforce les engagements r\u00e9ciproques dans le d\u00e9veloppement de la fili\u00e8re industrielle automobile dans le Royaume.<\/p>\n<\/div>\n<\/div>\n<\/div>\n<\/div>\n<p>Auteur: hgueye<br \/>\n<a href=\"https:\/\/www.leconomiste.com\/flash-infos\/automobile-le-partenariat-maroc-stellantis-franchit-une-nouvelle-etape\">Cliquez ici pour lire l&rsquo;article depuis sa source.<\/a><\/p>\n","protected":false},"excerpt":{"rendered":"<p>Le Groupe Stellantis (ex-PSA) et le Maroc franchissent une nouvelle \u00e9tape dans leur partenariat. Ils ont sign\u00e9, jeudi, un nouvel amendement\u00a0qui renforce les engagements r\u00e9ciproques dans le d\u00e9veloppement de la fili\u00e8re industrielle automobile dans le Royaume. Auteur: hgueye Cliquez ici pour lire l&rsquo;article depuis sa source.<\/p>\n","protected":false},"author":1763,"featured_media":0,"comment_status":"closed","ping_status":"closed","sticky":false,"template":"","format":"standard","meta":{"fifu_image_url":"","fifu_image_alt":"","footnotes":""},"categories":[78,54],"tags":[],"class_list":["post-125846","post","type-post","status-publish","format-standard","hentry","category-economie","category-maroc"],"_links":{"self":[{"href":"https:\/\/linitiative.ca\/International\/wp-json\/wp\/v2\/posts\/125846","targetHints":{"allow":["GET"]}}],"collection":[{"href":"https:\/\/linitiative.ca\/International\/wp-json\/wp\/v2\/posts"}],"about":[{"href":"https:\/\/linitiative.ca\/International\/wp-json\/wp\/v2\/types\/post"}],"author":[{"embeddable":true,"href":"https:\/\/linitiative.ca\/International\/wp-json\/wp\/v2\/users\/1763"}],"replies":[{"embeddable":true,"href":"https:\/\/linitiative.ca\/International\/wp-json\/wp\/v2\/comments?post=125846"}],"version-history":[{"count":0,"href":"https:\/\/linitiative.ca\/International\/wp-json\/wp\/v2\/posts\/125846\/revisions"}],"wp:attachment":[{"href":"https:\/\/linitiative.ca\/International\/wp-json\/wp\/v2\/media?parent=125846"}],"wp:term":[{"taxonomy":"category","embeddable":true,"href":"https:\/\/linitiative.ca\/International\/wp-json\/wp\/v2\/categories?post=125846"},{"taxonomy":"post_tag","embeddable":true,"href":"https:\/\/linitiative.ca\/International\/wp-json\/wp\/v2\/tags?post=125846"}],"curies":[{"name":"wp","href":"https:\/\/api.w.org\/{rel}","templated":true}]}}