{"id":125851,"date":"2021-09-02T06:20:07","date_gmt":"2021-09-02T10:20:07","guid":{"rendered":"https:\/\/linitiative.ca\/International\/la-session-du-parlement-souvrira-aujourdhui-plan-daction-du-gouvernement-et-loi-sur-laudiovisuel-les-premiers-dossiers-de-la-nouvelle-assemblee\/"},"modified":"2021-09-02T06:20:07","modified_gmt":"2021-09-02T10:20:07","slug":"la-session-du-parlement-souvrira-aujourdhui-plan-daction-du-gouvernement-et-loi-sur-laudiovisuel-les-premiers-dossiers-de-la-nouvelle-assemblee","status":"publish","type":"post","link":"https:\/\/linitiative.ca\/International\/la-session-du-parlement-souvrira-aujourdhui-plan-daction-du-gouvernement-et-loi-sur-laudiovisuel-les-premiers-dossiers-de-la-nouvelle-assemblee\/","title":{"rendered":"La session du Parlement s\u2019ouvrira aujourd\u2019hui : Plan d\u2019action du gouvernement et loi sur l\u2019audiovisuel, les premiers dossiers de la nouvelle Assembl\u00e9e"},"content":{"rendered":"<div>\n<div class=\"sriret\"><img loading=\"lazy\" decoding=\"async\" width=\"635\" height=\"250\" src=\"https:\/\/linitiative.ca\/International\/wp-content\/uploads\/sites\/23\/2021\/09\/Tv-col.jpg\" class=\"attachment-featured_large size-featured_large wp-post-image\" alt=\"\" style=\"margin-bottom: 15px;\" srcset=\"https:\/\/linitiative.ca\/International\/wp-content\/uploads\/sites\/23\/2021\/09\/Tv-col.jpg 635w, https:\/\/www.elwatan.com\/wp-content\/uploads\/2019\/04\/Tv-col-300x118.jpg 300w\" sizes=\"auto, (max-width: 635px) 100vw, 635px\"><\/div>\n<p class=\"p1\"><span class=\"s1\"><b>L<\/b><\/span><span class=\"s1\">a session ordinaire des deux Chambres du Parlement, le Conseil de la nation et l\u2019Assembl\u00e9e populaire nationale (APN), s\u2019ouvrira aujourd\u2019hui. <\/span><\/p>\n<p class=\"p2\"><span class=\"s1\">Si la journ\u00e9e d\u2019aujourd\u2019hui est beaucoup plus protocolaire, les prochains jours seront probablement bien charg\u00e9s pour les d\u00e9put\u00e9s et les s\u00e9nateurs qui auront entre les mains des dossiers assez importants, \u00e0 commencer par le plan d\u2019action du gouvernement, adopt\u00e9 en Conseil des ministres lundi dernier. <\/span><\/p>\n<p class=\"p2\"><span class=\"s1\">Bien entendu, c\u2019est la nouvelle Assembl\u00e9e qui est beaucoup plus attendue sur ce plan, m\u00eame si les partis acquis au programme du pr\u00e9sident de la R\u00e9publique disposent d\u2019une large majorit\u00e9. A cet effet, les nouveaux d\u00e9put\u00e9s, \u00e9lus le 12 juin dernier, auront \u00e0 d\u00e9battre de ce plan d\u2019action du gouvernement, dont les grands axes, qui s\u2019articulent essentiellement autour de la relance \u00e9conomique, ont \u00e9t\u00e9 communiqu\u00e9s lundi dernier, \u00e0 l\u2019issue de la r\u00e9union extraordinaire du Conseil des ministres.<\/span><\/p>\n<p>*Retrouvez l\u2019inte\u0301gralite\u0301 de nos articles sur la version papier<\/p>\n<p>L\u2019article <a rel=\"nofollow\" href=\"https:\/\/www.elwatan.com\/edition\/actualite\/la-session-du-parlement-souvrira-aujourdhui-plan-daction-du-gouvernement-et-loi-sur-laudiovisuel-les-premiers-dossiers-de-la-nouvelle-assemblee-02-09-2021\">La session du Parlement s\u2019ouvrira aujourd\u2019hui : Plan d\u2019action du gouvernement et loi sur l\u2019audiovisuel, les premiers dossiers de la nouvelle Assembl\u00e9e<\/a> est apparu en premier sur <a rel=\"nofollow\" href=\"https:\/\/www.elwatan.com\/\">El Watan<\/a>.<\/p>\n<\/div>\n<p>Auteur: Hicham Chouadria<br \/>\n<a href=\"https:\/\/www.elwatan.com\/edition\/actualite\/la-session-du-parlement-souvrira-aujourdhui-plan-daction-du-gouvernement-et-loi-sur-laudiovisuel-les-premiers-dossiers-de-la-nouvelle-assemblee-02-09-2021\">Cliquez ici pour lire l&rsquo;article depuis sa source.<\/a><\/p>\n","protected":false},"excerpt":{"rendered":"<p>La session ordinaire des deux Chambres du Parlement, le Conseil de la nation et l\u2019Assembl\u00e9e populaire nationale (APN), s\u2019ouvrira aujourd\u2019hui. Si la journ\u00e9e d\u2019aujourd\u2019hui est beaucoup plus protocolaire, les prochains jours seront probablement bien charg\u00e9s pour les d\u00e9put\u00e9s et les s\u00e9nateurs qui auront entre les mains des dossiers assez importants, \u00e0 commencer par le plan [&hellip;]<\/p>\n","protected":false},"author":1743,"featured_media":0,"comment_status":"closed","ping_status":"closed","sticky":false,"template":"","format":"standard","meta":{"fifu_image_url":"https:\/\/www.elwatan.com\/wp-content\/uploads\/2019\/04\/Tv-col.jpg","fifu_image_alt":"La session du Parlement s\u2019ouvrira aujourd\u2019hui : Plan d\u2019action du gouvernement et loi sur l\u2019audiovisuel, les premiers dossiers de la nouvelle Assembl\u00e9e","footnotes":""},"categories":[73,53],"tags":[],"class_list":["post-125851","post","type-post","status-publish","format-standard","hentry","category-actualite","category-algerie"],"_links":{"self":[{"href":"https:\/\/linitiative.ca\/International\/wp-json\/wp\/v2\/posts\/125851","targetHints":{"allow":["GET"]}}],"collection":[{"href":"https:\/\/linitiative.ca\/International\/wp-json\/wp\/v2\/posts"}],"about":[{"href":"https:\/\/linitiative.ca\/International\/wp-json\/wp\/v2\/types\/post"}],"author":[{"embeddable":true,"href":"https:\/\/linitiative.ca\/International\/wp-json\/wp\/v2\/users\/1743"}],"replies":[{"embeddable":true,"href":"https:\/\/linitiative.ca\/International\/wp-json\/wp\/v2\/comments?post=125851"}],"version-history":[{"count":0,"href":"https:\/\/linitiative.ca\/International\/wp-json\/wp\/v2\/posts\/125851\/revisions"}],"wp:attachment":[{"href":"https:\/\/linitiative.ca\/International\/wp-json\/wp\/v2\/media?parent=125851"}],"wp:term":[{"taxonomy":"category","embeddable":true,"href":"https:\/\/linitiative.ca\/International\/wp-json\/wp\/v2\/categories?post=125851"},{"taxonomy":"post_tag","embeddable":true,"href":"https:\/\/linitiative.ca\/International\/wp-json\/wp\/v2\/tags?post=125851"}],"curies":[{"name":"wp","href":"https:\/\/api.w.org\/{rel}","templated":true}]}}