{"id":125855,"date":"2021-09-02T06:32:36","date_gmt":"2021-09-02T10:32:36","guid":{"rendered":"https:\/\/linitiative.ca\/International\/feux-de-foret-lindemnisation-des-sinistres-a-partir-des-prochains-jours\/"},"modified":"2021-09-02T06:32:36","modified_gmt":"2021-09-02T10:32:36","slug":"feux-de-foret-lindemnisation-des-sinistres-a-partir-des-prochains-jours","status":"publish","type":"post","link":"https:\/\/linitiative.ca\/International\/feux-de-foret-lindemnisation-des-sinistres-a-partir-des-prochains-jours\/","title":{"rendered":"Feux de for\u00eat : L\u2019indemnisation des sinistr\u00e9s \u00ab\u00e0 partir des prochains jours\u00bb"},"content":{"rendered":"<div>\n<div class=\"sriret\"><img decoding=\"async\" src=\"https:\/\/linitiative.ca\/International\/wp-content\/uploads\/sites\/23\/2021\/09\/default-picture-709x366_c-2.jpg\"><\/div>\n<p class=\"p1\"><span class=\"s1\"><b>L<\/b><\/span><span class=\"s1\">es choses s\u2019acc\u00e9l\u00e8rent. <i>\u00abLes op\u00e9rations d\u2019indemnisation des agriculteurs et des \u00e9leveurs victimes des feux de for\u00eat commenceront dans les prochains jours\u00bb<\/i> sur la base des r\u00e9sultats des op\u00e9rations intersectorielles de recensement et d\u2019\u00e9valuation des d\u00e9g\u00e2ts, a annonc\u00e9 hier le ministre des l\u2019Agriculture et du D\u00e9veloppement rural, Abdelhamid Hamdani, cit\u00e9 par l\u2019APS. <\/span><\/p>\n<p class=\"p1\"><span class=\"s1\"><i>\u00abLe d\u00e9dommagement des victimes se fera en nature dans les jours qui viennent sur la base des r\u00e9sultats des op\u00e9rations de recensement\u00bb<\/i>, a assur\u00e9 M. Hamdani, lors d\u2019un point de presse en marge d\u2019une rencontre avec les directeurs des services agricoles des 58 wilayas consacr\u00e9e \u00e0 l\u2019actualit\u00e9 de son secteur et \u00e0 la feuille de route trac\u00e9e pour 2020-2024. Le ministre pr\u00e9cise que l\u2019op\u00e9ration intersectorielle de recensement et d\u2019\u00e9valuation des d\u00e9g\u00e2ts occasionn\u00e9s par les feux de for\u00eat touchait \u00e0 sa fin et que l\u2019heure \u00e9tait \u00e0 la reconstitution rapide de ces zones sinistr\u00e9es pour que la vie sociale et \u00e9conomique reprenne son cours normal. A cet effet, il a fait savoir que son secteur pr\u00e9parait des op\u00e9rations pour le reboisement des for\u00eats et l\u2019acheminement des animaux pr\u00e8s des zones sinistr\u00e9es, de sorte que les agriculteurs et les \u00e9leveurs puissent reprendre progressivement leurs activit\u00e9s. <i>\u00abL\u2019op\u00e9ration concernera dans un premier temps les wilayas les plus \u00e9prouv\u00e9es et s\u2019\u00e9tendra par la suite \u00e0 toutes les wilayas qui ont \u00e9t\u00e9 touch\u00e9es par ce fl\u00e9au\u00bb<\/i>, rel\u00e8ve-t-il. Interrog\u00e9 sur le montant financier consacr\u00e9 par les pouvoirs publics pour d\u00e9dommager les victimes de ces sinistres, M. Hamdani a r\u00e9pondu qu\u2019il <i>\u00absuffisait de voir l\u2019ampleur des pertes pour \u00e9valuer le montant des indemnit\u00e9s\u00bb<\/i>. <i>\u00abCe sont plus 90\u00a0000 hectares ravag\u00e9s par les feux et plus de 10\u00a0000 animaux de diff\u00e9rentes esp\u00e8ces qui ont \u00e9t\u00e9 calcin\u00e9s. C\u2019est \u00e9norme\u00bb<\/i>, a-t-il d\u00e9plor\u00e9, assurant l\u2019engagement des pouvoirs publics, sur instruction du pr\u00e9sident de la R\u00e9publique, \u00e0 d\u00e9dommager tous les sinistr\u00e9s <i>\u00abquels que soient la nature et le montant de leurs pertes\u00bb<\/i>.<\/span><\/p>\n<\/p>\n<p>L\u2019article <a rel=\"nofollow\" href=\"https:\/\/www.elwatan.com\/edition\/actualite\/feux-de-foret-lindemnisation-des-sinistres-a-partir-des-prochains-jours-02-09-2021\">Feux de for\u00eat : L\u2019indemnisation des sinistr\u00e9s \u00ab\u00e0 partir des prochains jours\u00bb<\/a> est apparu en premier sur <a rel=\"nofollow\" href=\"https:\/\/www.elwatan.com\/\">El Watan<\/a>.<\/p>\n<\/div>\n<p>Auteur: Hicham Chouadria<br \/>\n<a href=\"https:\/\/www.elwatan.com\/edition\/actualite\/feux-de-foret-lindemnisation-des-sinistres-a-partir-des-prochains-jours-02-09-2021\">Cliquez ici pour lire l&rsquo;article depuis sa source.<\/a><\/p>\n","protected":false},"excerpt":{"rendered":"<p>Les choses s\u2019acc\u00e9l\u00e8rent. \u00abLes op\u00e9rations d\u2019indemnisation des agriculteurs et des \u00e9leveurs victimes des feux de for\u00eat commenceront dans les prochains jours\u00bb sur la base des r\u00e9sultats des op\u00e9rations intersectorielles de recensement et d\u2019\u00e9valuation des d\u00e9g\u00e2ts, a annonc\u00e9 hier le ministre des l\u2019Agriculture et du D\u00e9veloppement rural, Abdelhamid Hamdani, cit\u00e9 par l\u2019APS. \u00abLe d\u00e9dommagement des victimes [&hellip;]<\/p>\n","protected":false},"author":1743,"featured_media":0,"comment_status":"closed","ping_status":"closed","sticky":false,"template":"","format":"standard","meta":{"fifu_image_url":"https:\/\/www.elwatan.com\/wp-content\/themes\/spectr\/img\/default-picture-709x366_c.jpg","fifu_image_alt":"Feux de for\u00eat : L\u2019indemnisation des sinistr\u00e9s \u00ab\u00e0 partir des prochains jours\u00bb","footnotes":""},"categories":[73,53],"tags":[],"class_list":["post-125855","post","type-post","status-publish","format-standard","hentry","category-actualite","category-algerie"],"_links":{"self":[{"href":"https:\/\/linitiative.ca\/International\/wp-json\/wp\/v2\/posts\/125855","targetHints":{"allow":["GET"]}}],"collection":[{"href":"https:\/\/linitiative.ca\/International\/wp-json\/wp\/v2\/posts"}],"about":[{"href":"https:\/\/linitiative.ca\/International\/wp-json\/wp\/v2\/types\/post"}],"author":[{"embeddable":true,"href":"https:\/\/linitiative.ca\/International\/wp-json\/wp\/v2\/users\/1743"}],"replies":[{"embeddable":true,"href":"https:\/\/linitiative.ca\/International\/wp-json\/wp\/v2\/comments?post=125855"}],"version-history":[{"count":0,"href":"https:\/\/linitiative.ca\/International\/wp-json\/wp\/v2\/posts\/125855\/revisions"}],"wp:attachment":[{"href":"https:\/\/linitiative.ca\/International\/wp-json\/wp\/v2\/media?parent=125855"}],"wp:term":[{"taxonomy":"category","embeddable":true,"href":"https:\/\/linitiative.ca\/International\/wp-json\/wp\/v2\/categories?post=125855"},{"taxonomy":"post_tag","embeddable":true,"href":"https:\/\/linitiative.ca\/International\/wp-json\/wp\/v2\/tags?post=125855"}],"curies":[{"name":"wp","href":"https:\/\/api.w.org\/{rel}","templated":true}]}}