{"id":125857,"date":"2021-09-02T06:35:08","date_gmt":"2021-09-02T10:35:08","guid":{"rendered":"https:\/\/linitiative.ca\/International\/impact-de-la-secheresse-sur-lagriculture-une-annee-agricole-difficile\/"},"modified":"2021-09-02T06:35:08","modified_gmt":"2021-09-02T10:35:08","slug":"impact-de-la-secheresse-sur-lagriculture-une-annee-agricole-difficile","status":"publish","type":"post","link":"https:\/\/linitiative.ca\/International\/impact-de-la-secheresse-sur-lagriculture-une-annee-agricole-difficile\/","title":{"rendered":"Impact de la s\u00e9cheresse sur l\u2019Agriculture : Une ann\u00e9e agricole difficile"},"content":{"rendered":"<div>\n<div class=\"sriret\"><img loading=\"lazy\" decoding=\"async\" width=\"900\" height=\"675\" src=\"https:\/\/linitiative.ca\/International\/wp-content\/uploads\/sites\/23\/2021\/09\/Agrumes-agriculture.gif\" class=\"attachment-featured_large size-featured_large wp-post-image\" alt=\"\" style=\"margin-bottom: 15px;\"><\/div>\n<p class=\"p1\"><b>C<\/b><i>e fut une ann\u00e9e agricole tr\u00e8s dure suite au manque de pr\u00e9cipitations. Nous avons eu recours aux techniques d\u2019irrigation compl\u00e9mentaire pour palier ce manque, mais cela reste insuffisant. Aujourd\u2019hui, le dossier de l\u2019irrigation agricole est prioritaire dans la feuille de route de notre d\u00e9partement<\/i>\u00bb, a d\u00e9clar\u00e9, hier, Hamdi Hamdani, ministre de l\u2019Agriculture et du D\u00e9veloppement rural en marge d\u2019une r\u00e9union avec ses 58 directeurs des services agricoles du pays. En effet, la cons\u00e9quence directe de la s\u00e9cheresse est la baisse de la r\u00e9colte des c\u00e9r\u00e9ales.<\/p>\n<p class=\"p2\">M\u00eame si les chiffres officiels de la campagne moisson-battage de cette ann\u00e9e ne sont pas encore d\u00e9voil\u00e9s, une baisse de pas moins 38% est attendue. Un manque qui se r\u00e9percutera directement sur la facture des importations que l\u2019Etat veut faire baisser \u00e0 tout prix. Pour cette fili\u00e8re, la feuille de route du minist\u00e8re compte plusieurs projets, dont essentiellement la carte agricole nationale. Selon le d\u00e9partement de Hamdani, le groupe de travail, charg\u00e9 de cette mission ach\u00e8vera, dans les prochaines semaines, la r\u00e9alisation de cette cartographie dont le but est de d\u00e9finir les r\u00e9gions de pr\u00e9dilection en mati\u00e8re de production de c\u00e9r\u00e9ales.<\/p>\n<p>*Retrouvez l\u2019inte\u0301gralite\u0301 de nos articles sur la version papier<\/p>\n<p>L\u2019article <a rel=\"nofollow\" href=\"https:\/\/www.elwatan.com\/edition\/actualite\/impact-de-la-secheresse-sur-lagriculture-une-annee-agricole-difficile-02-09-2021\">Impact de la s\u00e9cheresse sur l\u2019Agriculture : Une ann\u00e9e agricole difficile<\/a> est apparu en premier sur <a rel=\"nofollow\" href=\"https:\/\/www.elwatan.com\/\">El Watan<\/a>.<\/p>\n<\/div>\n<p>Auteur: Hicham Chouadria<br \/>\n<a href=\"https:\/\/www.elwatan.com\/edition\/actualite\/impact-de-la-secheresse-sur-lagriculture-une-annee-agricole-difficile-02-09-2021\">Cliquez ici pour lire l&rsquo;article depuis sa source.<\/a><\/p>\n","protected":false},"excerpt":{"rendered":"<p>Ce fut une ann\u00e9e agricole tr\u00e8s dure suite au manque de pr\u00e9cipitations. Nous avons eu recours aux techniques d\u2019irrigation compl\u00e9mentaire pour palier ce manque, mais cela reste insuffisant. Aujourd\u2019hui, le dossier de l\u2019irrigation agricole est prioritaire dans la feuille de route de notre d\u00e9partement\u00bb, a d\u00e9clar\u00e9, hier, Hamdi Hamdani, ministre de l\u2019Agriculture et du D\u00e9veloppement [&hellip;]<\/p>\n","protected":false},"author":1743,"featured_media":0,"comment_status":"closed","ping_status":"closed","sticky":false,"template":"","format":"standard","meta":{"fifu_image_url":"https:\/\/www.elwatan.com\/wp-content\/uploads\/2018\/11\/Agrumes-agriculture.gif","fifu_image_alt":"Impact de la s\u00e9cheresse sur l\u2019Agriculture : Une ann\u00e9e agricole difficile","footnotes":""},"categories":[73,53],"tags":[],"class_list":["post-125857","post","type-post","status-publish","format-standard","hentry","category-actualite","category-algerie"],"_links":{"self":[{"href":"https:\/\/linitiative.ca\/International\/wp-json\/wp\/v2\/posts\/125857","targetHints":{"allow":["GET"]}}],"collection":[{"href":"https:\/\/linitiative.ca\/International\/wp-json\/wp\/v2\/posts"}],"about":[{"href":"https:\/\/linitiative.ca\/International\/wp-json\/wp\/v2\/types\/post"}],"author":[{"embeddable":true,"href":"https:\/\/linitiative.ca\/International\/wp-json\/wp\/v2\/users\/1743"}],"replies":[{"embeddable":true,"href":"https:\/\/linitiative.ca\/International\/wp-json\/wp\/v2\/comments?post=125857"}],"version-history":[{"count":0,"href":"https:\/\/linitiative.ca\/International\/wp-json\/wp\/v2\/posts\/125857\/revisions"}],"wp:attachment":[{"href":"https:\/\/linitiative.ca\/International\/wp-json\/wp\/v2\/media?parent=125857"}],"wp:term":[{"taxonomy":"category","embeddable":true,"href":"https:\/\/linitiative.ca\/International\/wp-json\/wp\/v2\/categories?post=125857"},{"taxonomy":"post_tag","embeddable":true,"href":"https:\/\/linitiative.ca\/International\/wp-json\/wp\/v2\/tags?post=125857"}],"curies":[{"name":"wp","href":"https:\/\/api.w.org\/{rel}","templated":true}]}}