{"id":125859,"date":"2021-09-02T06:40:32","date_gmt":"2021-09-02T10:40:32","guid":{"rendered":"https:\/\/linitiative.ca\/International\/etat-de-la-pelouse-du-stade-tchaker-de-blida-belmadi-pique-une-colere\/"},"modified":"2021-09-02T06:40:32","modified_gmt":"2021-09-02T10:40:32","slug":"etat-de-la-pelouse-du-stade-tchaker-de-blida-belmadi-pique-une-colere","status":"publish","type":"post","link":"https:\/\/linitiative.ca\/International\/etat-de-la-pelouse-du-stade-tchaker-de-blida-belmadi-pique-une-colere\/","title":{"rendered":"Etat de la pelouse du stade Tchaker de Blida : Belmadi pique une col\u00e8re"},"content":{"rendered":"<div>\n<div class=\"sriret\"><img loading=\"lazy\" decoding=\"async\" width=\"709\" height=\"446\" src=\"https:\/\/linitiative.ca\/International\/wp-content\/uploads\/sites\/23\/2021\/09\/belmadi-e1618134984878.gif\" class=\"attachment-featured_large size-featured_large wp-post-image\" alt=\"\" style=\"margin-bottom: 15px;\"><\/div>\n<p class=\"p1\"><span class=\"s1\"><b>L<\/b><\/span>e s\u00e9lectionneur national, Djamel Belmadi, n\u2019y est pas all\u00e9 avec le dos de la cuill\u00e8re pour fustiger les responsables \u00e0 l\u2019origine de la d\u00e9gradation de la pelouse du stade Mustapha Tchaker de Blida, la veille du premier match des \u00e9liminatoires du Mondial 2022 contre Djibouti.<\/p>\n<p class=\"p1\">Belmadi a qualifi\u00e9 la d\u00e9t\u00e9rioration de la pelouse <i>\u00abd\u2019un acte de sabotage\u00bb.<\/i> <i>\u00abApr\u00e8s notre d\u00e9cision de disputer les matchs au stade Tchaker, d\u2019importants travaux ont \u00e9t\u00e9 entrepris pour que le stade r\u00e9ponde aux normes exig\u00e9es par la FIFA. Au mois de juin la pelouse \u00e9tait parfaite, mais deux mois apr\u00e8s elle est devenue une calamit\u00e9. Pour moi, c\u2019est du sabotage. Je ne pense pas qu\u2019il y ait un mot plus appropri\u00e9 pour qualifier cette situation\u00bb,<\/i> a-t-il regrett\u00e9 en conf\u00e9rence de presse. Belmadi a expliqu\u00e9 ensuite qu\u2019il a tent\u00e9 de comprendre les raisons de cette d\u00e9gradation avec le charg\u00e9 de l\u2019entretien de la pelouse, mais la r\u00e9ponse de celui-ci lui a caus\u00e9 plus de d\u00e9gout. <i>\u00abJ\u2019ai discut\u00e9 avec le charg\u00e9 de l\u2019entretien de la pelouse et il m\u2019a expliqu\u00e9 qu\u2019il n\u2019avait pas sign\u00e9 une convention avec la Wilaya pour le faire. J\u2019\u00e9tais tellement d\u00e9gout\u00e9 que je n\u2019ai m\u00eame pas cherch\u00e9 \u00e0 en savoir davantage\u00bb,<\/i> a-t-il expliqu\u00e9 d\u2019un ton amer.<\/p>\n<p class=\"p1\">Belmadi rejette toutes les justifications li\u00e9es au climat et l\u2019apparition de champignons. <i>\u00abOn parle de probl\u00e8mes de champignons comme s\u2019il n\u2019en existait que chez nous. Et puis m\u00eame le probl\u00e8me de temp\u00e9rature n\u2019est pas valable. Au Qatar, il fait 50 degr\u00e9s, mais les pelouses sont impeccables\u00bb,<\/i> a-t-il encore ajout\u00e9 tout en affirmant que l\u2019\u00e9quipe nationale est l\u2019affaire de tout le monde pour que les joueurs puissent bien s\u2019exprimer sur le terrain. L\u2019option des stades du 5 Juillet et d\u2019Oran \u00e9tait \u00e9cart\u00e9e car les deux enceintes sont en travaux. <i>\u00abLe stade du 5 Juillet est en travaux, tout comme celui d\u2019Oran o\u00f9 on fait du barbecue. L\u2019id\u00e9al aurait \u00e9t\u00e9 de maintenir celui de Blida dans un \u00e9tat optimal\u00bb,<\/i> a-t-il estim\u00e9 tout en regrettant l\u2019absence de constance dans le travail. Cela dit, Belmadi affirme que ses poulains sont hyper-motiv\u00e9s pour bien entamer les \u00e9liminatoires du Mondial 2022 ce soir (\u00e0 20h) contre Djibouti.<i> \u00abNous allons jouer comme s\u2019il s\u2019agissait d\u2019une finale de Coupe du monde. Nous allons l\u2019aborder avec tout le s\u00e9rieux voulu, pour rester sur la lanc\u00e9e de la s\u00e9rie d\u2019invincibilit\u00e9\u00bb,<\/i> a assur\u00e9 le s\u00e9lectionneur national.<\/p>\n<p class=\"p3\"><strong>Boussa\u00e2d\u00a0: \u00abUne pelouse peut se d\u00e9grader en 24h\u00bb<\/strong><\/p>\n<p class=\"p2\">Le g\u00e9rant de la soci\u00e9t\u00e9 Vegetale Design qui avait refait la pelouse du 5 Juillet et actuellement en charge de refaire celle du nouveau stade d\u2019Oran, Farid Boussa\u00e2d, estime qu\u2019une pelouse peut se d\u00e9grader en 24h. <i>\u00abUne pelouse peut se d\u00e9grader enti\u00e8rement en 24h. Heureusement que celle de Blida n\u2019est pas affect\u00e9e enti\u00e8rement. Le gazon est une mati\u00e8re vivante qui peut \u00eatre affect\u00e9e par le climat et d\u2019autres facteurs. C\u2019est un ph\u00e9nom\u00e8ne qui existe m\u00eame en Europe, mais les pelouses sont refaites chaque ann\u00e9e. Les pelouses des plus grands stades au monde sont scalp\u00e9es en \u00e9t\u00e9 et refaites \u00e0 nouveau quelques semaines plus tard pendant l\u2019arr\u00eat du championnat. Celle du stade d\u2019Oran sera fonctionnelle \u00e0 la fin du mois de septembre\u00bb,<\/i> nous a d\u00e9clar\u00e9 Boussa\u00e2d qui a soigneusement refait la pelouse du 5 Juillet en 2015. Mais pour ce sp\u00e9cialiste, le probl\u00e8me peut \u00eatre d\u00e9finitivement r\u00e9gl\u00e9 si toutes les parties concern\u00e9es se r\u00e9unissent pour d\u00e9terminer les pr\u00e9rogatives et le r\u00f4le de chaque partie, en plus de la cr\u00e9ation de gazonni\u00e8res. <span class=\"Apple-converted-space\">\u00a0<\/span><\/p>\n<p>L\u2019article <a rel=\"nofollow\" href=\"https:\/\/www.elwatan.com\/a-la-une\/mondial-2022-algerie-djibouti-20h-a-blida-gazon-de-tchaker-belmadi-pique-une-colere-02-09-2021\">Etat de la pelouse du stade Tchaker de Blida : Belmadi pique une col\u00e8re<\/a> est apparu en premier sur <a rel=\"nofollow\" href=\"https:\/\/www.elwatan.com\/\">El Watan<\/a>.<\/p>\n<\/div>\n<p>Auteur: Hicham Chouadria<br \/>\n<a href=\"https:\/\/www.elwatan.com\/a-la-une\/mondial-2022-algerie-djibouti-20h-a-blida-gazon-de-tchaker-belmadi-pique-une-colere-02-09-2021\">Cliquez ici pour lire l&rsquo;article depuis sa source.<\/a><\/p>\n","protected":false},"excerpt":{"rendered":"<p>Le s\u00e9lectionneur national, Djamel Belmadi, n\u2019y est pas all\u00e9 avec le dos de la cuill\u00e8re pour fustiger les responsables \u00e0 l\u2019origine de la d\u00e9gradation de la pelouse du stade Mustapha Tchaker de Blida, la veille du premier match des \u00e9liminatoires du Mondial 2022 contre Djibouti. Belmadi a qualifi\u00e9 la d\u00e9t\u00e9rioration de la pelouse \u00abd\u2019un acte [&hellip;]<\/p>\n","protected":false},"author":1743,"featured_media":0,"comment_status":"closed","ping_status":"closed","sticky":false,"template":"","format":"standard","meta":{"fifu_image_url":"https:\/\/www.elwatan.com\/wp-content\/uploads\/2021\/04\/belmadi-e1618134984878.gif","fifu_image_alt":"Etat de la pelouse du stade Tchaker de Blida : Belmadi pique une col\u00e8re","footnotes":""},"categories":[73,53],"tags":[],"class_list":["post-125859","post","type-post","status-publish","format-standard","hentry","category-actualite","category-algerie"],"_links":{"self":[{"href":"https:\/\/linitiative.ca\/International\/wp-json\/wp\/v2\/posts\/125859","targetHints":{"allow":["GET"]}}],"collection":[{"href":"https:\/\/linitiative.ca\/International\/wp-json\/wp\/v2\/posts"}],"about":[{"href":"https:\/\/linitiative.ca\/International\/wp-json\/wp\/v2\/types\/post"}],"author":[{"embeddable":true,"href":"https:\/\/linitiative.ca\/International\/wp-json\/wp\/v2\/users\/1743"}],"replies":[{"embeddable":true,"href":"https:\/\/linitiative.ca\/International\/wp-json\/wp\/v2\/comments?post=125859"}],"version-history":[{"count":0,"href":"https:\/\/linitiative.ca\/International\/wp-json\/wp\/v2\/posts\/125859\/revisions"}],"wp:attachment":[{"href":"https:\/\/linitiative.ca\/International\/wp-json\/wp\/v2\/media?parent=125859"}],"wp:term":[{"taxonomy":"category","embeddable":true,"href":"https:\/\/linitiative.ca\/International\/wp-json\/wp\/v2\/categories?post=125859"},{"taxonomy":"post_tag","embeddable":true,"href":"https:\/\/linitiative.ca\/International\/wp-json\/wp\/v2\/tags?post=125859"}],"curies":[{"name":"wp","href":"https:\/\/api.w.org\/{rel}","templated":true}]}}