{"id":125867,"date":"2021-09-02T12:46:00","date_gmt":"2021-09-02T16:46:00","guid":{"rendered":"https:\/\/linitiative.ca\/International\/le-volet-economique-en-tunisie-la-piece-manquante-dans-le-puzzle-de-la-transition-democratique\/"},"modified":"2021-09-02T12:46:00","modified_gmt":"2021-09-02T16:46:00","slug":"le-volet-economique-en-tunisie-la-piece-manquante-dans-le-puzzle-de-la-transition-democratique","status":"publish","type":"post","link":"https:\/\/linitiative.ca\/International\/le-volet-economique-en-tunisie-la-piece-manquante-dans-le-puzzle-de-la-transition-democratique\/","title":{"rendered":"Le volet \u00e9conomique en Tunisie : La pi\u00e8ce manquante dans le puzzle de la transition d\u00e9mocratique"},"content":{"rendered":"<div><img decoding=\"async\" src=\"https:\/\/linitiative.ca\/International\/wp-content\/uploads\/sites\/23\/2021\/09\/1630601125_article.jpg\" alt=\"Le volet \u00e9conomique en Tunisie : La pi\u00e8ce manquante dans le puzzle de la transition d\u00e9mocratique\" align=\"left\">Par Fatma Marrakchi Charfi &#8211; Depuis 2011, les tunisiens \u00e9taient plus pr\u00e9occup\u00e9s par l\u2019aspect constitutionnel et institutionnel que de l\u2019aspect \u00e9conomique qui est rest\u00e9 la pi\u00e8ce manquante dans le puzzle de la transition d\u00e9mocratique.<br \/>\nCertes, ces aspects juridiques sont tr\u00e8s importants pour r\u00e9ussir la transition d\u00e9mocratique mais la d\u00e9mocratie ne peut r\u00e9ussir sans l\u2019am\u00e9lioration des conditions de vie du tunisien, de son bien-\u00eatre et de son quotidien d\u2019une mani\u00e8re g\u00e9n\u00e9rale. En effet, la transition d\u00e9mocratique peut \u00eatre compromise si le gouvernement ne peut pas payer les salaires\/retraites ou ne peut pas honorer ses engagements avec ses cr\u00e9anciers locaux et \/ou &#8230;<\/p>\n<\/div>\n<p>Auteur:<br \/>\n<a href=\"https:\/\/www.leaders.com.tn\/article\/32358-le-volet-economique-en-tunisie-la-piece-manquante-dans-le-puzzle-de-la-transition-democratique\">Cliquez ici pour lire l&rsquo;article depuis sa source.<\/a><\/p>\n","protected":false},"excerpt":{"rendered":"<p>Par Fatma Marrakchi Charfi &#8211; Depuis 2011, les tunisiens \u00e9taient plus pr\u00e9occup\u00e9s par l\u2019aspect constitutionnel et institutionnel que de l\u2019aspect \u00e9conomique qui est rest\u00e9 la pi\u00e8ce manquante dans le puzzle de la transition d\u00e9mocratique. Certes, ces aspects juridiques sont tr\u00e8s importants pour r\u00e9ussir la transition d\u00e9mocratique mais la d\u00e9mocratie ne peut r\u00e9ussir sans l\u2019am\u00e9lioration des [&hellip;]<\/p>\n","protected":false},"author":1772,"featured_media":0,"comment_status":"closed","ping_status":"closed","sticky":false,"template":"","format":"standard","meta":{"fifu_image_url":"http:\/\/www.leaders.com.tn\/uploads\/content\/thumbnails_small\/1630601125_article.jpg","fifu_image_alt":"Le volet \u00e9conomique en Tunisie : La pi\u00e8ce manquante dans le puzzle de la transition d\u00e9mocratique","footnotes":""},"categories":[73,55],"tags":[],"class_list":["post-125867","post","type-post","status-publish","format-standard","hentry","category-actualite","category-tunisie"],"_links":{"self":[{"href":"https:\/\/linitiative.ca\/International\/wp-json\/wp\/v2\/posts\/125867","targetHints":{"allow":["GET"]}}],"collection":[{"href":"https:\/\/linitiative.ca\/International\/wp-json\/wp\/v2\/posts"}],"about":[{"href":"https:\/\/linitiative.ca\/International\/wp-json\/wp\/v2\/types\/post"}],"author":[{"embeddable":true,"href":"https:\/\/linitiative.ca\/International\/wp-json\/wp\/v2\/users\/1772"}],"replies":[{"embeddable":true,"href":"https:\/\/linitiative.ca\/International\/wp-json\/wp\/v2\/comments?post=125867"}],"version-history":[{"count":0,"href":"https:\/\/linitiative.ca\/International\/wp-json\/wp\/v2\/posts\/125867\/revisions"}],"wp:attachment":[{"href":"https:\/\/linitiative.ca\/International\/wp-json\/wp\/v2\/media?parent=125867"}],"wp:term":[{"taxonomy":"category","embeddable":true,"href":"https:\/\/linitiative.ca\/International\/wp-json\/wp\/v2\/categories?post=125867"},{"taxonomy":"post_tag","embeddable":true,"href":"https:\/\/linitiative.ca\/International\/wp-json\/wp\/v2\/tags?post=125867"}],"curies":[{"name":"wp","href":"https:\/\/api.w.org\/{rel}","templated":true}]}}