{"id":125869,"date":"2021-09-02T11:11:56","date_gmt":"2021-09-02T15:11:56","guid":{"rendered":"https:\/\/linitiative.ca\/International\/jeux-paralympiques-de-tokyo-lancer-du-poids-fouzia-el-kassioui-decroche-largent\/"},"modified":"2021-09-02T11:11:56","modified_gmt":"2021-09-02T15:11:56","slug":"jeux-paralympiques-de-tokyo-lancer-du-poids-fouzia-el-kassioui-decroche-largent","status":"publish","type":"post","link":"https:\/\/linitiative.ca\/International\/jeux-paralympiques-de-tokyo-lancer-du-poids-fouzia-el-kassioui-decroche-largent\/","title":{"rendered":"Jeux Paralympiques de Tokyo. Lancer du poids : Fouzia El Kassioui d\u00e9croche l\u2019argent"},"content":{"rendered":"<div><img decoding=\"async\" width=\"1107\" height=\"640\" src=\"https:\/\/linitiative.ca\/International\/wp-content\/uploads\/sites\/23\/2021\/09\/Fouzia-El-Kassioui.jpg\" class=\"attachment-post-thumbnail size-post-thumbnail wp-post-image\" alt=\"\" loading=\"lazy\" srcset=\"https:\/\/linitiative.ca\/International\/wp-content\/uploads\/sites\/23\/2021\/09\/Fouzia-El-Kassioui.jpg 1107w, https:\/\/www.challenge.ma\/wp-content\/uploads\/2021\/09\/Fouzia-El-Kassioui-300x173.jpg 300w, https:\/\/www.challenge.ma\/wp-content\/uploads\/2021\/09\/Fouzia-El-Kassioui-1024x592.jpg 1024w, https:\/\/www.challenge.ma\/wp-content\/uploads\/2021\/09\/Fouzia-El-Kassioui-768x444.jpg 768w, https:\/\/www.challenge.ma\/wp-content\/uploads\/2021\/09\/Fouzia-El-Kassioui-360x208.jpg 360w, https:\/\/www.challenge.ma\/wp-content\/uploads\/2021\/09\/Fouzia-El-Kassioui-750x434.jpg 750w\" sizes=\"auto, (max-width: 1107px) 100vw, 1107px\" itemprop=\"image\">La marocaine Fouzia El Kassioui s\u2019est adjug\u00e9e, jeudi, la m\u00e9daille d\u2019argent \u00e0 l\u2019\u00e9preuve du lancer du poids (classe F33), dans le cadre des Jeux paralympiques de Tokyo. Fouzia El Kassioui a r\u00e9alis\u00e9 un jet de 6.72 m, sa meilleure performance de la saison, derri\u00e8re l\u2019alg\u00e9rienne Asmahane Boudjadar qui a battu<\/div>\n<p>Auteur: challenge<br \/>\n<a href=\"https:\/\/www.challenge.ma\/jeux-paralympiques-de-tokyo-lancer-du-poids-fouzia-el-kassioui-decroche-largent-197276\/\">Cliquez ici pour lire l&rsquo;article depuis sa source.<\/a><\/p>\n","protected":false},"excerpt":{"rendered":"<p>La marocaine Fouzia El Kassioui s\u2019est adjug\u00e9e, jeudi, la m\u00e9daille d\u2019argent \u00e0 l\u2019\u00e9preuve du lancer du poids (classe F33), dans le cadre des Jeux paralympiques de Tokyo. Fouzia El Kassioui a r\u00e9alis\u00e9 un jet de 6.72 m, sa meilleure performance de la saison, derri\u00e8re l\u2019alg\u00e9rienne Asmahane Boudjadar qui a battu Auteur: challenge Cliquez ici pour [&hellip;]<\/p>\n","protected":false},"author":1787,"featured_media":0,"comment_status":"closed","ping_status":"closed","sticky":false,"template":"","format":"standard","meta":{"fifu_image_url":"https:\/\/www.challenge.ma\/wp-content\/uploads\/2021\/09\/Fouzia-El-Kassioui.jpg","fifu_image_alt":"Jeux Paralympiques de Tokyo. Lancer du poids : Fouzia El Kassioui d\u00e9croche l\u2019argent","footnotes":""},"categories":[78,54],"tags":[],"class_list":["post-125869","post","type-post","status-publish","format-standard","hentry","category-economie","category-maroc"],"_links":{"self":[{"href":"https:\/\/linitiative.ca\/International\/wp-json\/wp\/v2\/posts\/125869","targetHints":{"allow":["GET"]}}],"collection":[{"href":"https:\/\/linitiative.ca\/International\/wp-json\/wp\/v2\/posts"}],"about":[{"href":"https:\/\/linitiative.ca\/International\/wp-json\/wp\/v2\/types\/post"}],"author":[{"embeddable":true,"href":"https:\/\/linitiative.ca\/International\/wp-json\/wp\/v2\/users\/1787"}],"replies":[{"embeddable":true,"href":"https:\/\/linitiative.ca\/International\/wp-json\/wp\/v2\/comments?post=125869"}],"version-history":[{"count":0,"href":"https:\/\/linitiative.ca\/International\/wp-json\/wp\/v2\/posts\/125869\/revisions"}],"wp:attachment":[{"href":"https:\/\/linitiative.ca\/International\/wp-json\/wp\/v2\/media?parent=125869"}],"wp:term":[{"taxonomy":"category","embeddable":true,"href":"https:\/\/linitiative.ca\/International\/wp-json\/wp\/v2\/categories?post=125869"},{"taxonomy":"post_tag","embeddable":true,"href":"https:\/\/linitiative.ca\/International\/wp-json\/wp\/v2\/tags?post=125869"}],"curies":[{"name":"wp","href":"https:\/\/api.w.org\/{rel}","templated":true}]}}