{"id":125871,"date":"2021-09-02T11:42:08","date_gmt":"2021-09-02T15:42:08","guid":{"rendered":"https:\/\/linitiative.ca\/International\/maroc-la-rentree-de-lengagement\/"},"modified":"2021-09-02T11:42:08","modified_gmt":"2021-09-02T15:42:08","slug":"maroc-la-rentree-de-lengagement","status":"publish","type":"post","link":"https:\/\/linitiative.ca\/International\/maroc-la-rentree-de-lengagement\/","title":{"rendered":"Maroc. La rentr\u00e9e de l\u2019engagement"},"content":{"rendered":"<div><img decoding=\"async\" width=\"932\" height=\"582\" src=\"https:\/\/linitiative.ca\/International\/wp-content\/uploads\/sites\/23\/2021\/09\/maroc-covid-19.jpg\" class=\"attachment-post-thumbnail size-post-thumbnail wp-post-image\" alt=\"\" loading=\"lazy\" srcset=\"https:\/\/linitiative.ca\/International\/wp-content\/uploads\/sites\/23\/2021\/09\/maroc-covid-19.jpg 932w, https:\/\/www.challenge.ma\/wp-content\/uploads\/2021\/09\/maroc-covid-19-300x187.jpg 300w, https:\/\/www.challenge.ma\/wp-content\/uploads\/2021\/09\/maroc-covid-19-768x480.jpg 768w, https:\/\/www.challenge.ma\/wp-content\/uploads\/2021\/09\/maroc-covid-19-360x225.jpg 360w, https:\/\/www.challenge.ma\/wp-content\/uploads\/2021\/09\/maroc-covid-19-750x468.jpg 750w\" sizes=\"auto, (max-width: 932px) 100vw, 932px\" itemprop=\"image\">Le discours Royal du 20 ao\u00fbt a \u00e9t\u00e9 clair sur les contingences r\u00e9gionales et la force qui doit \u00eatre la n\u00f4tre pour les affronter. Nous avons le substrat historique, en dehors de tout narcissisme, mais nous avons aussi des institutions fiables, qu\u2019elles soient s\u00e9curitaires, gestionnaires ou repr\u00e9sentatives. Face au Covid-19,<\/div>\n<p>Auteur: challenge<br \/>\n<a href=\"https:\/\/www.challenge.ma\/la-rentree-de-lengagement-197261\/\">Cliquez ici pour lire l&rsquo;article depuis sa source.<\/a><\/p>\n","protected":false},"excerpt":{"rendered":"<p>Le discours Royal du 20 ao\u00fbt a \u00e9t\u00e9 clair sur les contingences r\u00e9gionales et la force qui doit \u00eatre la n\u00f4tre pour les affronter. Nous avons le substrat historique, en dehors de tout narcissisme, mais nous avons aussi des institutions fiables, qu\u2019elles soient s\u00e9curitaires, gestionnaires ou repr\u00e9sentatives. Face au Covid-19, Auteur: challenge Cliquez ici pour [&hellip;]<\/p>\n","protected":false},"author":1787,"featured_media":0,"comment_status":"closed","ping_status":"closed","sticky":false,"template":"","format":"standard","meta":{"fifu_image_url":"https:\/\/www.challenge.ma\/wp-content\/uploads\/2021\/09\/maroc-covid-19.jpg","fifu_image_alt":"Maroc. La rentr\u00e9e de l\u2019engagement","footnotes":""},"categories":[78,54],"tags":[],"class_list":["post-125871","post","type-post","status-publish","format-standard","hentry","category-economie","category-maroc"],"_links":{"self":[{"href":"https:\/\/linitiative.ca\/International\/wp-json\/wp\/v2\/posts\/125871","targetHints":{"allow":["GET"]}}],"collection":[{"href":"https:\/\/linitiative.ca\/International\/wp-json\/wp\/v2\/posts"}],"about":[{"href":"https:\/\/linitiative.ca\/International\/wp-json\/wp\/v2\/types\/post"}],"author":[{"embeddable":true,"href":"https:\/\/linitiative.ca\/International\/wp-json\/wp\/v2\/users\/1787"}],"replies":[{"embeddable":true,"href":"https:\/\/linitiative.ca\/International\/wp-json\/wp\/v2\/comments?post=125871"}],"version-history":[{"count":0,"href":"https:\/\/linitiative.ca\/International\/wp-json\/wp\/v2\/posts\/125871\/revisions"}],"wp:attachment":[{"href":"https:\/\/linitiative.ca\/International\/wp-json\/wp\/v2\/media?parent=125871"}],"wp:term":[{"taxonomy":"category","embeddable":true,"href":"https:\/\/linitiative.ca\/International\/wp-json\/wp\/v2\/categories?post=125871"},{"taxonomy":"post_tag","embeddable":true,"href":"https:\/\/linitiative.ca\/International\/wp-json\/wp\/v2\/tags?post=125871"}],"curies":[{"name":"wp","href":"https:\/\/api.w.org\/{rel}","templated":true}]}}