{"id":125877,"date":"2021-09-02T15:14:29","date_gmt":"2021-09-02T19:14:29","guid":{"rendered":"https:\/\/linitiative.ca\/International\/industrie-le-maroc-et-stellantis-renforcent-leur-partenariat\/"},"modified":"2021-09-02T15:14:29","modified_gmt":"2021-09-02T19:14:29","slug":"industrie-le-maroc-et-stellantis-renforcent-leur-partenariat","status":"publish","type":"post","link":"https:\/\/linitiative.ca\/International\/industrie-le-maroc-et-stellantis-renforcent-leur-partenariat\/","title":{"rendered":"Industrie. Le Maroc et Stellantis renforcent leur partenariat"},"content":{"rendered":"<div><img decoding=\"async\" width=\"810\" height=\"450\" src=\"https:\/\/linitiative.ca\/International\/wp-content\/uploads\/sites\/23\/2021\/09\/Signature-1-stellantis-810-x-450-2.jpg\" class=\"attachment-post-thumbnail size-post-thumbnail wp-post-image\" alt=\"\" loading=\"lazy\" srcset=\"https:\/\/linitiative.ca\/International\/wp-content\/uploads\/sites\/23\/2021\/09\/Signature-1-stellantis-810-x-450-2.jpg 810w, https:\/\/www.challenge.ma\/wp-content\/uploads\/2021\/09\/Signature-1-stellantis-810-x-450-2-300x167.jpg 300w, https:\/\/www.challenge.ma\/wp-content\/uploads\/2021\/09\/Signature-1-stellantis-810-x-450-2-768x427.jpg 768w, https:\/\/www.challenge.ma\/wp-content\/uploads\/2021\/09\/Signature-1-stellantis-810-x-450-2-360x200.jpg 360w, https:\/\/www.challenge.ma\/wp-content\/uploads\/2021\/09\/Signature-1-stellantis-810-x-450-2-750x417.jpg 750w\" sizes=\"auto, (max-width: 810px) 100vw, 810px\" itemprop=\"image\">Dans le cadre de la mise en \u0153uvre du Partenariat Industriel sign\u00e9 en juin 2015 sous la Pr\u00e9sidence de Sa Majest\u00e9 Le Roi Mohammed VI, le Groupe Stellantis et le Maroc viennent de franchir une nouvelle \u00e9tape. En effet, ils ont paraph\u00e9 un nouvel amendement qui renforce leurs engagements r\u00e9ciproques<\/div>\n<p>Auteur: challenge<br \/>\n<a href=\"https:\/\/www.challenge.ma\/industrie-le-maroc-et-stellantis-renforcent-leur-partenariat-197319\/\">Cliquez ici pour lire l&rsquo;article depuis sa source.<\/a><\/p>\n","protected":false},"excerpt":{"rendered":"<p>Dans le cadre de la mise en \u0153uvre du Partenariat Industriel sign\u00e9 en juin 2015 sous la Pr\u00e9sidence de Sa Majest\u00e9 Le Roi Mohammed VI, le Groupe Stellantis et le Maroc viennent de franchir une nouvelle \u00e9tape. En effet, ils ont paraph\u00e9 un nouvel amendement qui renforce leurs engagements r\u00e9ciproques Auteur: challenge Cliquez ici pour [&hellip;]<\/p>\n","protected":false},"author":1787,"featured_media":0,"comment_status":"closed","ping_status":"closed","sticky":false,"template":"","format":"standard","meta":{"fifu_image_url":"https:\/\/www.challenge.ma\/wp-content\/uploads\/2021\/09\/Signature-1-stellantis-810-x-450-2.jpg","fifu_image_alt":"Industrie. Le Maroc et Stellantis renforcent leur partenariat","footnotes":""},"categories":[78,54],"tags":[],"class_list":["post-125877","post","type-post","status-publish","format-standard","hentry","category-economie","category-maroc"],"_links":{"self":[{"href":"https:\/\/linitiative.ca\/International\/wp-json\/wp\/v2\/posts\/125877","targetHints":{"allow":["GET"]}}],"collection":[{"href":"https:\/\/linitiative.ca\/International\/wp-json\/wp\/v2\/posts"}],"about":[{"href":"https:\/\/linitiative.ca\/International\/wp-json\/wp\/v2\/types\/post"}],"author":[{"embeddable":true,"href":"https:\/\/linitiative.ca\/International\/wp-json\/wp\/v2\/users\/1787"}],"replies":[{"embeddable":true,"href":"https:\/\/linitiative.ca\/International\/wp-json\/wp\/v2\/comments?post=125877"}],"version-history":[{"count":0,"href":"https:\/\/linitiative.ca\/International\/wp-json\/wp\/v2\/posts\/125877\/revisions"}],"wp:attachment":[{"href":"https:\/\/linitiative.ca\/International\/wp-json\/wp\/v2\/media?parent=125877"}],"wp:term":[{"taxonomy":"category","embeddable":true,"href":"https:\/\/linitiative.ca\/International\/wp-json\/wp\/v2\/categories?post=125877"},{"taxonomy":"post_tag","embeddable":true,"href":"https:\/\/linitiative.ca\/International\/wp-json\/wp\/v2\/tags?post=125877"}],"curies":[{"name":"wp","href":"https:\/\/api.w.org\/{rel}","templated":true}]}}