{"id":125879,"date":"2021-09-02T15:00:52","date_gmt":"2021-09-02T19:00:52","guid":{"rendered":"https:\/\/linitiative.ca\/International\/appel-a-casting-dans-un-etablissement-prive-de-formation-la-television-nationale-tunisienne-clarifie\/"},"modified":"2021-09-02T15:00:52","modified_gmt":"2021-09-02T19:00:52","slug":"appel-a-casting-dans-un-etablissement-prive-de-formation-la-television-nationale-tunisienne-clarifie","status":"publish","type":"post","link":"https:\/\/linitiative.ca\/International\/appel-a-casting-dans-un-etablissement-prive-de-formation-la-television-nationale-tunisienne-clarifie\/","title":{"rendered":"Appel \u00e0 casting dans un \u00e9tablissement priv\u00e9 de formation: La T\u00e9l\u00e9vision Nationale Tunisienne clarifie"},"content":{"rendered":"<div>\n<p>Un centre de formation priv\u00e9e aux m\u00e9dias a lanc\u00e9 dans un communiqu\u00e9 rendu public le 1er septembre 2021, un appel \u00e0 casting d\u2019un animateur, d\u2019une animatrice, d\u2019une \u00e9quipe de pr\u00e9parateurs et de correspondants r\u00e9gionaux pour le compte de la T\u00e9l\u00e9vision Nationale Tunisienne, ce vendredi. La T\u00e9l\u00e9vision Tunisienne a compl\u00e8tement d\u00e9menti dans un communiqu\u00e9 rendu public [\u2026]<\/p>\n<p>L\u2019article <a href=\"https:\/\/www.tunisienumerique.com\/appel-a-casting-dans-un-etablissement-prive-de-formation-la-television-nationale-tunisienne-clarifie\/\">Appel \u00e0 casting dans un \u00e9tablissement priv\u00e9 de formation: La T\u00e9l\u00e9vision Nationale Tunisienne clarifie<\/a> est apparu en premier sur <a href=\"https:\/\/www.tunisienumerique.com\/\">Tunisie<\/a>.<\/p>\n<\/div>\n<p>Auteur: rania ben slimane<br \/>\n<a href=\"https:\/\/www.tunisienumerique.com\/appel-a-casting-dans-un-etablissement-prive-de-formation-la-television-nationale-tunisienne-clarifie\/\">Cliquez ici pour lire l&rsquo;article depuis sa source.<\/a><\/p>\n","protected":false},"excerpt":{"rendered":"<p>Un centre de formation priv\u00e9e aux m\u00e9dias a lanc\u00e9 dans un communiqu\u00e9 rendu public le 1er septembre 2021, un appel \u00e0 casting d\u2019un animateur, d\u2019une animatrice, d\u2019une \u00e9quipe de pr\u00e9parateurs et de correspondants r\u00e9gionaux pour le compte de la T\u00e9l\u00e9vision Nationale Tunisienne, ce vendredi. La T\u00e9l\u00e9vision Tunisienne a compl\u00e8tement d\u00e9menti dans un communiqu\u00e9 rendu public [&hellip;]<\/p>\n","protected":false},"author":1789,"featured_media":0,"comment_status":"closed","ping_status":"closed","sticky":false,"template":"","format":"standard","meta":{"fifu_image_url":"","fifu_image_alt":"","footnotes":""},"categories":[73,55],"tags":[],"class_list":["post-125879","post","type-post","status-publish","format-standard","hentry","category-actualite","category-tunisie"],"_links":{"self":[{"href":"https:\/\/linitiative.ca\/International\/wp-json\/wp\/v2\/posts\/125879","targetHints":{"allow":["GET"]}}],"collection":[{"href":"https:\/\/linitiative.ca\/International\/wp-json\/wp\/v2\/posts"}],"about":[{"href":"https:\/\/linitiative.ca\/International\/wp-json\/wp\/v2\/types\/post"}],"author":[{"embeddable":true,"href":"https:\/\/linitiative.ca\/International\/wp-json\/wp\/v2\/users\/1789"}],"replies":[{"embeddable":true,"href":"https:\/\/linitiative.ca\/International\/wp-json\/wp\/v2\/comments?post=125879"}],"version-history":[{"count":0,"href":"https:\/\/linitiative.ca\/International\/wp-json\/wp\/v2\/posts\/125879\/revisions"}],"wp:attachment":[{"href":"https:\/\/linitiative.ca\/International\/wp-json\/wp\/v2\/media?parent=125879"}],"wp:term":[{"taxonomy":"category","embeddable":true,"href":"https:\/\/linitiative.ca\/International\/wp-json\/wp\/v2\/categories?post=125879"},{"taxonomy":"post_tag","embeddable":true,"href":"https:\/\/linitiative.ca\/International\/wp-json\/wp\/v2\/tags?post=125879"}],"curies":[{"name":"wp","href":"https:\/\/api.w.org\/{rel}","templated":true}]}}