{"id":125881,"date":"2021-09-02T15:55:10","date_gmt":"2021-09-02T19:55:10","guid":{"rendered":"https:\/\/linitiative.ca\/International\/tunisie-video-kais-saied-recoit-le-batonnier-ainsi-que-le-sg-et-le-vice-president-de-la-ltdh\/"},"modified":"2021-09-02T15:55:10","modified_gmt":"2021-09-02T19:55:10","slug":"tunisie-video-kais-saied-recoit-le-batonnier-ainsi-que-le-sg-et-le-vice-president-de-la-ltdh","status":"publish","type":"post","link":"https:\/\/linitiative.ca\/International\/tunisie-video-kais-saied-recoit-le-batonnier-ainsi-que-le-sg-et-le-vice-president-de-la-ltdh\/","title":{"rendered":"Tunisie \u2013 VIDEO\u00a0: Ka\u00efs Sa\u00efed re\u00e7oit le b\u00e2tonnier, ainsi que le SG et le vice pr\u00e9sident de la LTDH"},"content":{"rendered":"<div>\n<p>Le pr\u00e9sident de la R\u00e9publique a re\u00e7u, au palais de Carthage, le b\u00e2tonnier, Ibrahim Bouderbala, ainsi que le Secr\u00e9taire g\u00e9n\u00e9ral et le vice pr\u00e9sident de la LTDH. Le syndicat des journalistes qui \u00e9tait invit\u00e9 \u00e0 la s\u00e9ance n\u2019a pas pu y \u00eatre repr\u00e9sent\u00e9. Sa\u00efed a tenu \u00e0 rassurer ses h\u00f4tes sur son souci de pr\u00e9server [\u2026]<\/p>\n<p>L\u2019article <a href=\"https:\/\/www.tunisienumerique.com\/tunisie-video-kais-saied-recoit-le-batonnier-ainsi-que-le-sg-et-le-vice-president-de-la-ltdh\/\">Tunisie \u2013 VIDEO\u00a0: Ka\u00efs Sa\u00efed re\u00e7oit le b\u00e2tonnier, ainsi que le SG et le vice pr\u00e9sident de la LTDH<\/a> est apparu en premier sur <a href=\"https:\/\/www.tunisienumerique.com\/\">Tunisie<\/a>.<\/p>\n<\/div>\n<p>Auteur: LM<br \/>\n<a href=\"https:\/\/www.tunisienumerique.com\/tunisie-video-kais-saied-recoit-le-batonnier-ainsi-que-le-sg-et-le-vice-president-de-la-ltdh\/\">Cliquez ici pour lire l&rsquo;article depuis sa source.<\/a><\/p>\n","protected":false},"excerpt":{"rendered":"<p>Le pr\u00e9sident de la R\u00e9publique a re\u00e7u, au palais de Carthage, le b\u00e2tonnier, Ibrahim Bouderbala, ainsi que le Secr\u00e9taire g\u00e9n\u00e9ral et le vice pr\u00e9sident de la LTDH. Le syndicat des journalistes qui \u00e9tait invit\u00e9 \u00e0 la s\u00e9ance n\u2019a pas pu y \u00eatre repr\u00e9sent\u00e9. Sa\u00efed a tenu \u00e0 rassurer ses h\u00f4tes sur son souci de pr\u00e9server [&hellip;]<\/p>\n","protected":false},"author":1789,"featured_media":0,"comment_status":"closed","ping_status":"closed","sticky":false,"template":"","format":"standard","meta":{"fifu_image_url":"","fifu_image_alt":"","footnotes":""},"categories":[73,55],"tags":[],"class_list":["post-125881","post","type-post","status-publish","format-standard","hentry","category-actualite","category-tunisie"],"_links":{"self":[{"href":"https:\/\/linitiative.ca\/International\/wp-json\/wp\/v2\/posts\/125881","targetHints":{"allow":["GET"]}}],"collection":[{"href":"https:\/\/linitiative.ca\/International\/wp-json\/wp\/v2\/posts"}],"about":[{"href":"https:\/\/linitiative.ca\/International\/wp-json\/wp\/v2\/types\/post"}],"author":[{"embeddable":true,"href":"https:\/\/linitiative.ca\/International\/wp-json\/wp\/v2\/users\/1789"}],"replies":[{"embeddable":true,"href":"https:\/\/linitiative.ca\/International\/wp-json\/wp\/v2\/comments?post=125881"}],"version-history":[{"count":0,"href":"https:\/\/linitiative.ca\/International\/wp-json\/wp\/v2\/posts\/125881\/revisions"}],"wp:attachment":[{"href":"https:\/\/linitiative.ca\/International\/wp-json\/wp\/v2\/media?parent=125881"}],"wp:term":[{"taxonomy":"category","embeddable":true,"href":"https:\/\/linitiative.ca\/International\/wp-json\/wp\/v2\/categories?post=125881"},{"taxonomy":"post_tag","embeddable":true,"href":"https:\/\/linitiative.ca\/International\/wp-json\/wp\/v2\/tags?post=125881"}],"curies":[{"name":"wp","href":"https:\/\/api.w.org\/{rel}","templated":true}]}}