{"id":125884,"date":"2021-09-02T15:11:32","date_gmt":"2021-09-02T19:11:32","guid":{"rendered":"https:\/\/linitiative.ca\/International\/fermeture-du-lycee-philippe-zinda-kabore\/"},"modified":"2021-09-02T15:11:32","modified_gmt":"2021-09-02T19:11:32","slug":"fermeture-du-lycee-philippe-zinda-kabore","status":"publish","type":"post","link":"https:\/\/linitiative.ca\/International\/fermeture-du-lycee-philippe-zinda-kabore\/","title":{"rendered":"FERMETURE DU LYCEE PHILIPPE ZINDA KABORE"},"content":{"rendered":"<div>\n<p><img decoding=\"async\" width=\"640\" height=\"370\" src=\"https:\/\/linitiative.ca\/International\/wp-content\/uploads\/sites\/23\/2021\/09\/ZINDA.jpg\" class=\"attachment- size- wp-post-image\" alt=\"\" loading=\"lazy\" style=\"float:left; margin:0 15px 15px 0;\" srcset=\"https:\/\/linitiative.ca\/International\/wp-content\/uploads\/sites\/23\/2021\/09\/ZINDA.jpg 640w, https:\/\/lepays.bf\/wp-content\/uploads\/2021\/09\/ZINDA-300x173.jpg 300w\" sizes=\"auto, (max-width: 640px) 100vw, 640px\">Ferm\u00e9 en mai dernier suite \u00e0 une violente manif d\u2019\u00e9l\u00e8ves qui avait occasionn\u00e9 le saccage de certains bureaux et l\u2019incendie du v\u00e9hicule du proviseur d\u2019alors, le Lyc\u00e9e Philippe Zinda Kabor\u00e9 (LPZK) n\u2019ouvrira pas ses portes \u00e0 l\u2019occasion de la rentr\u00e9e des classes qui se profile \u00e0 l\u2019horizon. Ainsi en ont d\u00e9cid\u00e9 les premiers responsables du \u2026<\/p>\n<p>L\u2019article <a rel=\"nofollow\" href=\"https:\/\/lepays.bf\/fermeture-du-lycee-philippe-zinda-kabore\/\">FERMETURE DU LYCEE PHILIPPE ZINDA KABORE<\/a> est apparu en premier sur <a rel=\"nofollow\" href=\"https:\/\/lepays.bf\/\">Editions Le Pays<\/a>.<\/p>\n<\/div>\n<p>Auteur: Editions LEPAYS<br \/>\n<a href=\"https:\/\/lepays.bf\/fermeture-du-lycee-philippe-zinda-kabore\/\">Cliquez ici pour lire l&rsquo;article depuis sa source.<\/a><\/p>\n","protected":false},"excerpt":{"rendered":"<p>Ferm\u00e9 en mai dernier suite \u00e0 une violente manif d\u2019\u00e9l\u00e8ves qui avait occasionn\u00e9 le saccage de certains bureaux et l\u2019incendie du v\u00e9hicule du proviseur d\u2019alors, le Lyc\u00e9e Philippe Zinda Kabor\u00e9 (LPZK) n\u2019ouvrira pas ses portes \u00e0 l\u2019occasion de la rentr\u00e9e des classes qui se profile \u00e0 l\u2019horizon. Ainsi en ont d\u00e9cid\u00e9 les premiers responsables du [&hellip;]<\/p>\n","protected":false},"author":1813,"featured_media":0,"comment_status":"closed","ping_status":"closed","sticky":false,"template":"","format":"standard","meta":{"fifu_image_url":"https:\/\/lepays.bf\/wp-content\/uploads\/2021\/09\/ZINDA.jpg","fifu_image_alt":"FERMETURE DU LYCEE PHILIPPE ZINDA KABORE","footnotes":""},"categories":[73,81],"tags":[],"class_list":["post-125884","post","type-post","status-publish","format-standard","hentry","category-actualite","category-burkina-faso"],"_links":{"self":[{"href":"https:\/\/linitiative.ca\/International\/wp-json\/wp\/v2\/posts\/125884","targetHints":{"allow":["GET"]}}],"collection":[{"href":"https:\/\/linitiative.ca\/International\/wp-json\/wp\/v2\/posts"}],"about":[{"href":"https:\/\/linitiative.ca\/International\/wp-json\/wp\/v2\/types\/post"}],"author":[{"embeddable":true,"href":"https:\/\/linitiative.ca\/International\/wp-json\/wp\/v2\/users\/1813"}],"replies":[{"embeddable":true,"href":"https:\/\/linitiative.ca\/International\/wp-json\/wp\/v2\/comments?post=125884"}],"version-history":[{"count":0,"href":"https:\/\/linitiative.ca\/International\/wp-json\/wp\/v2\/posts\/125884\/revisions"}],"wp:attachment":[{"href":"https:\/\/linitiative.ca\/International\/wp-json\/wp\/v2\/media?parent=125884"}],"wp:term":[{"taxonomy":"category","embeddable":true,"href":"https:\/\/linitiative.ca\/International\/wp-json\/wp\/v2\/categories?post=125884"},{"taxonomy":"post_tag","embeddable":true,"href":"https:\/\/linitiative.ca\/International\/wp-json\/wp\/v2\/tags?post=125884"}],"curies":[{"name":"wp","href":"https:\/\/api.w.org\/{rel}","templated":true}]}}