{"id":125886,"date":"2021-09-02T15:15:59","date_gmt":"2021-09-02T19:15:59","guid":{"rendered":"https:\/\/linitiative.ca\/International\/reunion-des-securocrates-du-g5-sahel-pour-une-nouvelle-approche-securitaire\/"},"modified":"2021-09-02T15:15:59","modified_gmt":"2021-09-02T19:15:59","slug":"reunion-des-securocrates-du-g5-sahel-pour-une-nouvelle-approche-securitaire","status":"publish","type":"post","link":"https:\/\/linitiative.ca\/International\/reunion-des-securocrates-du-g5-sahel-pour-une-nouvelle-approche-securitaire\/","title":{"rendered":"REUNION DES SECUROCRATES DU G5 SAHEL POUR UNE NOUVELLE APPROCHE SECURITAIRE"},"content":{"rendered":"<div>\n<p><img decoding=\"async\" width=\"450\" height=\"272\" src=\"https:\/\/linitiative.ca\/International\/wp-content\/uploads\/sites\/23\/2021\/09\/SAHEL.gif\" class=\"attachment- size- wp-post-image\" alt=\"\" loading=\"lazy\" style=\"float:left; margin:0 15px 15px 0;\">Du 31 ao\u00fbt au 1er septembre 2021, s\u2019est tenue \u00e0 Niamey, la capitale du Niger, une r\u00e9union des cinq ministres de la D\u00e9fense du G5 Sahel. L\u2019objectif \u00e9tait de revoir leurs strat\u00e9gies s\u00e9curitaires pour mieux faire face aux attaques terroristes qui se concentrent, pour la plupart, dans la zone des trois fronti\u00e8res (Mali-Burkina-Niger) depuis quelque \u2026<\/p>\n<p>L\u2019article <a rel=\"nofollow\" href=\"https:\/\/lepays.bf\/reunion-des-securocrates-du-g5-sahel-pour-une-nouvelle-approche-securitaire\/\">REUNION DES SECUROCRATES DU G5 SAHEL POUR UNE NOUVELLE APPROCHE SECURITAIRE<\/a> est apparu en premier sur <a rel=\"nofollow\" href=\"https:\/\/lepays.bf\/\">Editions Le Pays<\/a>.<\/p>\n<\/div>\n<p>Auteur: Editions LEPAYS<br \/>\n<a href=\"https:\/\/lepays.bf\/reunion-des-securocrates-du-g5-sahel-pour-une-nouvelle-approche-securitaire\/\">Cliquez ici pour lire l&rsquo;article depuis sa source.<\/a><\/p>\n","protected":false},"excerpt":{"rendered":"<p>Du 31 ao\u00fbt au 1er septembre 2021, s\u2019est tenue \u00e0 Niamey, la capitale du Niger, une r\u00e9union des cinq ministres de la D\u00e9fense du G5 Sahel. L\u2019objectif \u00e9tait de revoir leurs strat\u00e9gies s\u00e9curitaires pour mieux faire face aux attaques terroristes qui se concentrent, pour la plupart, dans la zone des trois fronti\u00e8res (Mali-Burkina-Niger) depuis quelque [&hellip;]<\/p>\n","protected":false},"author":1813,"featured_media":0,"comment_status":"closed","ping_status":"closed","sticky":false,"template":"","format":"standard","meta":{"fifu_image_url":"https:\/\/lepays.bf\/wp-content\/uploads\/2021\/09\/SAHEL.gif","fifu_image_alt":"REUNION DES SECUROCRATES DU G5 SAHEL POUR UNE NOUVELLE APPROCHE SECURITAIRE","footnotes":""},"categories":[73,81],"tags":[],"class_list":["post-125886","post","type-post","status-publish","format-standard","hentry","category-actualite","category-burkina-faso"],"_links":{"self":[{"href":"https:\/\/linitiative.ca\/International\/wp-json\/wp\/v2\/posts\/125886","targetHints":{"allow":["GET"]}}],"collection":[{"href":"https:\/\/linitiative.ca\/International\/wp-json\/wp\/v2\/posts"}],"about":[{"href":"https:\/\/linitiative.ca\/International\/wp-json\/wp\/v2\/types\/post"}],"author":[{"embeddable":true,"href":"https:\/\/linitiative.ca\/International\/wp-json\/wp\/v2\/users\/1813"}],"replies":[{"embeddable":true,"href":"https:\/\/linitiative.ca\/International\/wp-json\/wp\/v2\/comments?post=125886"}],"version-history":[{"count":0,"href":"https:\/\/linitiative.ca\/International\/wp-json\/wp\/v2\/posts\/125886\/revisions"}],"wp:attachment":[{"href":"https:\/\/linitiative.ca\/International\/wp-json\/wp\/v2\/media?parent=125886"}],"wp:term":[{"taxonomy":"category","embeddable":true,"href":"https:\/\/linitiative.ca\/International\/wp-json\/wp\/v2\/categories?post=125886"},{"taxonomy":"post_tag","embeddable":true,"href":"https:\/\/linitiative.ca\/International\/wp-json\/wp\/v2\/tags?post=125886"}],"curies":[{"name":"wp","href":"https:\/\/api.w.org\/{rel}","templated":true}]}}