{"id":125888,"date":"2021-09-02T15:20:31","date_gmt":"2021-09-02T19:20:31","guid":{"rendered":"https:\/\/linitiative.ca\/International\/mort-en-detention-du-rappeur-rwandais-jay-polly\/"},"modified":"2021-09-02T15:20:31","modified_gmt":"2021-09-02T19:20:31","slug":"mort-en-detention-du-rappeur-rwandais-jay-polly","status":"publish","type":"post","link":"https:\/\/linitiative.ca\/International\/mort-en-detention-du-rappeur-rwandais-jay-polly\/","title":{"rendered":"MORT EN DETENTION DU RAPPEUR RWANDAIS, JAY POLLY"},"content":{"rendered":"<div>\n<p><img decoding=\"async\" width=\"300\" height=\"168\" src=\"https:\/\/linitiative.ca\/International\/wp-content\/uploads\/sites\/23\/2021\/09\/RWANDA.jpg\" class=\"attachment- size- wp-post-image\" alt=\"\" loading=\"lazy\" style=\"float:left; margin:0 15px 15px 0;\">Le rappeur rwandais, Joshua Tuyshimiye, alias Jay Polly, est d\u00e9c\u00e9d\u00e9 le 2 septembre dernier \u00e0 l\u2019h\u00f4pital Muhima de Kigali. En rappel, le rappeur \u00e9tait en d\u00e9tention depuis avril dernier, apr\u00e8s avoir \u00e9t\u00e9 arr\u00eat\u00e9 durant une f\u00eate interdite o\u00f9 circulaient des produits stup\u00e9fiants. C\u2019est donc en d\u00e9tention qu\u2019il a rendu son dernier soupir. Il est bon \u2026<\/p>\n<p>L\u2019article <a rel=\"nofollow\" href=\"https:\/\/lepays.bf\/mort-en-detention-du-rappeur-rwandais-jay-polly\/\">MORT EN DETENTION DU RAPPEUR RWANDAIS, JAY POLLY<\/a> est apparu en premier sur <a rel=\"nofollow\" href=\"https:\/\/lepays.bf\/\">Editions Le Pays<\/a>.<\/p>\n<\/div>\n<p>Auteur: Editions LEPAYS<br \/>\n<a href=\"https:\/\/lepays.bf\/mort-en-detention-du-rappeur-rwandais-jay-polly\/\">Cliquez ici pour lire l&rsquo;article depuis sa source.<\/a><\/p>\n","protected":false},"excerpt":{"rendered":"<p>Le rappeur rwandais, Joshua Tuyshimiye, alias Jay Polly, est d\u00e9c\u00e9d\u00e9 le 2 septembre dernier \u00e0 l\u2019h\u00f4pital Muhima de Kigali. En rappel, le rappeur \u00e9tait en d\u00e9tention depuis avril dernier, apr\u00e8s avoir \u00e9t\u00e9 arr\u00eat\u00e9 durant une f\u00eate interdite o\u00f9 circulaient des produits stup\u00e9fiants. C\u2019est donc en d\u00e9tention qu\u2019il a rendu son dernier soupir. Il est bon [&hellip;]<\/p>\n","protected":false},"author":1813,"featured_media":0,"comment_status":"closed","ping_status":"closed","sticky":false,"template":"","format":"standard","meta":{"fifu_image_url":"https:\/\/lepays.bf\/wp-content\/uploads\/2021\/09\/RWANDA.jpg","fifu_image_alt":"MORT EN DETENTION DU RAPPEUR RWANDAIS, JAY POLLY","footnotes":""},"categories":[73,81],"tags":[],"class_list":["post-125888","post","type-post","status-publish","format-standard","hentry","category-actualite","category-burkina-faso"],"_links":{"self":[{"href":"https:\/\/linitiative.ca\/International\/wp-json\/wp\/v2\/posts\/125888","targetHints":{"allow":["GET"]}}],"collection":[{"href":"https:\/\/linitiative.ca\/International\/wp-json\/wp\/v2\/posts"}],"about":[{"href":"https:\/\/linitiative.ca\/International\/wp-json\/wp\/v2\/types\/post"}],"author":[{"embeddable":true,"href":"https:\/\/linitiative.ca\/International\/wp-json\/wp\/v2\/users\/1813"}],"replies":[{"embeddable":true,"href":"https:\/\/linitiative.ca\/International\/wp-json\/wp\/v2\/comments?post=125888"}],"version-history":[{"count":0,"href":"https:\/\/linitiative.ca\/International\/wp-json\/wp\/v2\/posts\/125888\/revisions"}],"wp:attachment":[{"href":"https:\/\/linitiative.ca\/International\/wp-json\/wp\/v2\/media?parent=125888"}],"wp:term":[{"taxonomy":"category","embeddable":true,"href":"https:\/\/linitiative.ca\/International\/wp-json\/wp\/v2\/categories?post=125888"},{"taxonomy":"post_tag","embeddable":true,"href":"https:\/\/linitiative.ca\/International\/wp-json\/wp\/v2\/tags?post=125888"}],"curies":[{"name":"wp","href":"https:\/\/api.w.org\/{rel}","templated":true}]}}