{"id":125890,"date":"2021-09-02T16:19:10","date_gmt":"2021-09-02T20:19:10","guid":{"rendered":"https:\/\/linitiative.ca\/International\/lancement-dune-coalition-dopposition-au-senegal\/"},"modified":"2021-09-02T16:19:10","modified_gmt":"2021-09-02T20:19:10","slug":"lancement-dune-coalition-dopposition-au-senegal","status":"publish","type":"post","link":"https:\/\/linitiative.ca\/International\/lancement-dune-coalition-dopposition-au-senegal\/","title":{"rendered":"LANCEMENT D\u2019UNE COALITION D\u2019OPPOSITION AU SENEGAL"},"content":{"rendered":"<div>\n<p><img decoding=\"async\" width=\"592\" height=\"296\" src=\"https:\/\/linitiative.ca\/International\/wp-content\/uploads\/sites\/23\/2021\/09\/SENEGAL.jpeg\" class=\"attachment- size- wp-post-image\" alt=\"\" loading=\"lazy\" style=\"float:left; margin:0 15px 15px 0;\" srcset=\"https:\/\/linitiative.ca\/International\/wp-content\/uploads\/sites\/23\/2021\/09\/SENEGAL.jpeg 592w, https:\/\/lepays.bf\/wp-content\/uploads\/2021\/09\/SENEGAL-300x150.jpeg 300w\" sizes=\"auto, (max-width: 592px) 100vw, 592px\">Annonc\u00e9e il y a quelques mois, la coalition de l\u2019opposition s\u00e9n\u00e9galaise a \u00e9t\u00e9 lanc\u00e9e hier 2 septembre 2021, dans la capitale s\u00e9n\u00e9galaise. Mais l\u2019on pourrait dire que l\u2019\u00e9l\u00e9phant annonc\u00e9 est arriv\u00e9 avec un pied cass\u00e9. En Effet, d\u00e9nomm\u00e9e coalition \u00ab\u00a0XXL\u00a0\u00bb, cette nouvelle trouvaille de l\u2019opposition s\u00e9n\u00e9galaise enregistre d\u00e9j\u00e0 des d\u00e9fections et pas des moindres. En \u2026<\/p>\n<p>L\u2019article <a rel=\"nofollow\" href=\"https:\/\/lepays.bf\/lancement-dune-coalition-dopposition-au-senegal\/\">LANCEMENT D\u2019UNE COALITION D\u2019OPPOSITION AU SENEGAL<\/a> est apparu en premier sur <a rel=\"nofollow\" href=\"https:\/\/lepays.bf\/\">Editions Le Pays<\/a>.<\/p>\n<\/div>\n<p>Auteur: Editions LEPAYS<br \/>\n<a href=\"https:\/\/lepays.bf\/lancement-dune-coalition-dopposition-au-senegal\/\">Cliquez ici pour lire l&rsquo;article depuis sa source.<\/a><\/p>\n","protected":false},"excerpt":{"rendered":"<p>Annonc\u00e9e il y a quelques mois, la coalition de l\u2019opposition s\u00e9n\u00e9galaise a \u00e9t\u00e9 lanc\u00e9e hier 2 septembre 2021, dans la capitale s\u00e9n\u00e9galaise. Mais l\u2019on pourrait dire que l\u2019\u00e9l\u00e9phant annonc\u00e9 est arriv\u00e9 avec un pied cass\u00e9. En Effet, d\u00e9nomm\u00e9e coalition \u00ab\u00a0XXL\u00a0\u00bb, cette nouvelle trouvaille de l\u2019opposition s\u00e9n\u00e9galaise enregistre d\u00e9j\u00e0 des d\u00e9fections et pas des moindres. En [&hellip;]<\/p>\n","protected":false},"author":1813,"featured_media":0,"comment_status":"closed","ping_status":"closed","sticky":false,"template":"","format":"standard","meta":{"fifu_image_url":"https:\/\/lepays.bf\/wp-content\/uploads\/2021\/09\/SENEGAL.jpeg","fifu_image_alt":"LANCEMENT D\u2019UNE COALITION D\u2019OPPOSITION AU SENEGAL","footnotes":""},"categories":[73,81],"tags":[],"class_list":["post-125890","post","type-post","status-publish","format-standard","hentry","category-actualite","category-burkina-faso"],"_links":{"self":[{"href":"https:\/\/linitiative.ca\/International\/wp-json\/wp\/v2\/posts\/125890","targetHints":{"allow":["GET"]}}],"collection":[{"href":"https:\/\/linitiative.ca\/International\/wp-json\/wp\/v2\/posts"}],"about":[{"href":"https:\/\/linitiative.ca\/International\/wp-json\/wp\/v2\/types\/post"}],"author":[{"embeddable":true,"href":"https:\/\/linitiative.ca\/International\/wp-json\/wp\/v2\/users\/1813"}],"replies":[{"embeddable":true,"href":"https:\/\/linitiative.ca\/International\/wp-json\/wp\/v2\/comments?post=125890"}],"version-history":[{"count":0,"href":"https:\/\/linitiative.ca\/International\/wp-json\/wp\/v2\/posts\/125890\/revisions"}],"wp:attachment":[{"href":"https:\/\/linitiative.ca\/International\/wp-json\/wp\/v2\/media?parent=125890"}],"wp:term":[{"taxonomy":"category","embeddable":true,"href":"https:\/\/linitiative.ca\/International\/wp-json\/wp\/v2\/categories?post=125890"},{"taxonomy":"post_tag","embeddable":true,"href":"https:\/\/linitiative.ca\/International\/wp-json\/wp\/v2\/tags?post=125890"}],"curies":[{"name":"wp","href":"https:\/\/api.w.org\/{rel}","templated":true}]}}