{"id":125896,"date":"2021-09-02T17:07:31","date_gmt":"2021-09-02T21:07:31","guid":{"rendered":"https:\/\/linitiative.ca\/International\/ministere-de-la-sante-les-acteurs-de-la-depense-publique-se-concertent\/"},"modified":"2021-09-02T17:07:31","modified_gmt":"2021-09-02T21:07:31","slug":"ministere-de-la-sante-les-acteurs-de-la-depense-publique-se-concertent","status":"publish","type":"post","link":"https:\/\/linitiative.ca\/International\/ministere-de-la-sante-les-acteurs-de-la-depense-publique-se-concertent\/","title":{"rendered":"Minist\u00e8re de la Sant\u00e9 : Les acteurs de la d\u00e9pense publique  se concertent"},"content":{"rendered":"<div>\n<p><strong>Les acteurs de la cha\u00eene de la d\u00e9pense publique du minist\u00e8re de la Sant\u00e9 sont en conclave, les 2 et 3 septembre 2021, \u00e0 Manga, dans le cadre de leur premi\u00e8re rencontre de l\u2019ann\u00e9e.<\/strong><\/p>\n<p>Le Minist\u00e8re de la Sant\u00e9 (MS) veut accro\u00eetre le rendement du syst\u00e8me national de sant\u00e9 \u00e0 travers la rationalisation et l\u2019efficacit\u00e9 de la d\u00e9pense publique. Le d\u00e9partement organise une rencontre \u00e0 cet effet, les 2 et 3 septembre 2021, \u00e0 Manga. La session r\u00e9unit principalement les cadres intervenant dans le domaine des finances et du budget du minist\u00e8re. La rencontre constitue une tribune d\u2019\u00e9changes et d\u2019expression qui devrait leur permettre, \u00e0 la fois, de mettre \u00e0 jour leurs connaissances et de mieux partager leurs exp\u00e9riences pour une ex\u00e9cution optimale du budget, a indiqu\u00e9 le ministre de tutelle, Pr Charlemagne Ou\u00e9draogo, \u00e0 l\u2019ouverture des travaux.<\/p>\n<p>Durant les deux jours, les participants vont \u00e9changer autour du bilan de l\u2019ex\u00e9cution du budget du minist\u00e8re au 31 ao\u00fbt 2021 en abordant, entre autres, les difficult\u00e9s dans son ex\u00e9cution et les mesures correctives envisageables pour l\u2019atteinte des r\u00e9sultats escompt\u00e9s. La programmation budg\u00e9taire, les priorit\u00e9s 2022-2024 du d\u00e9partement, les proc\u00e9dures de financement et de justification des fonds OMS ainsi que les r\u00e8gles de gestion des r\u00e9tributions li\u00e9es aux activit\u00e9s COVID-19 sont des sujets, \u00e9galement, au menu des \u00e9changes.<\/p>\n<p>A entendre le professeur Ou\u00e9draogo, en d\u00e9pit des efforts consentis par le minist\u00e8re en charge des finances, la gestion du budget demeure une pr\u00e9occupation au regard des d\u00e9fis \u00e0 relever au sein de son d\u00e9partement. Aussi, pour lui, les contraintes budg\u00e9taires et financi\u00e8res \u00e9tant de plus en plus fortes, elles appellent plus que jamais les acteurs de la chaine de la d\u00e9pense publique \u00ab\u00a0\u00e0 une discipline, un professionnalisme et un comportement irr\u00e9prochables\u00a0\u00bb.<\/p>\n<figure id=\"attachment_39132\" aria-describedby=\"caption-attachment-39132\" style=\"width: 300px\" class=\"wp-caption alignleft\"><img decoding=\"async\" loading=\"lazy\" class=\"size-medium wp-image-39132\" src=\"https:\/\/linitiative.ca\/International\/wp-content\/uploads\/sites\/23\/2021\/09\/acteur2-300x172-1.gif\" alt=\"\" width=\"300\" height=\"172\" srcset=\"https:\/\/linitiative.ca\/International\/wp-content\/uploads\/sites\/23\/2021\/09\/acteur2-300x172-1.gif 300w, https:\/\/www.sidwaya.info\/wp-content\/uploads\/2021\/09\/acteur2-768x441.gif 768w, https:\/\/www.sidwaya.info\/wp-content\/uploads\/2021\/09\/acteur2-150x86.gif 150w, https:\/\/www.sidwaya.info\/wp-content\/uploads\/2021\/09\/acteur2-696x400.gif 696w, https:\/\/www.sidwaya.info\/wp-content\/uploads\/2021\/09\/acteur2-732x420.gif 732w\" sizes=\"auto, (max-width: 300px) 100vw, 300px\"><figcaption id=\"caption-attachment-39132\" class=\"wp-caption-text\">Les acteurs de la cha\u00eene de la d\u00e9pense publique du MS vont r\u00e9fl\u00e9chir aux solutions pour optimiser les r\u00e9sultats du d\u00e9partement.<\/figcaption><\/figure>\n<p>\u00ab\u00a0Chaque franc CFA d\u00e9pens\u00e9 doit l\u2019\u00eatre avec la rigueur de l\u2019orthodoxie\u00a0\u00bb, a insist\u00e9 le ministre. Le professeur Charlemagne Ou\u00e9draogo a, du reste, rappel\u00e9 \u00e0 l\u2019assistance que le d\u00e9partement est engag\u00e9 dans le processus d\u2019\u00e9laboration de son r\u00e9f\u00e9rentiel de d\u00e9veloppement \u00e0 savoir, le Plan national de d\u00e9veloppement sanitaire (PNDS) 2021-2030, con\u00e7u suivant le concept \u00ab\u00a0un plan, un budget et un rapport\u00a0\u00bb. Cette option, a-t-il dit, vise \u00e0 \u00ab\u00a0\u00eatre en parfaite harmonie avec la d\u00e9claration de Paris qui appelle \u00e0 l\u2019alignement des partenaires techniques et financiers sur les priorit\u00e9s des pays\u00a0\u00bb.<\/p>\n<p>Tout en invitant ainsi les participants \u00e0 prendre en compte les priorit\u00e9s dudit plan dans les planifications, le ministre les a \u00e9galement exhort\u00e9s \u00e0 faire un diagnostic sans complaisance des goulots d\u2019\u00e9tranglement \u00e0 l\u2019utilisation ad\u00e9quat des cr\u00e9dits et \u00e0 trouver des solutions de concert avec l\u2019ensemble des acteurs du circuit de la d\u00e9pense. Le Directeur administratif et financier du MS, Zakaria Gyengani, a, lui, aussi appel\u00e9 de ses v\u0153ux que les \u00e9changes aboutissent \u00e0 des prises de solutions idoines permettant de rattraper les insuffisances observ\u00e9es dans l\u2019ex\u00e9cution du budget et, par ricochet, l\u2019atteinte effective des objectifs affich\u00e9s par le d\u00e9partement, au bilan du 31 d\u00e9cembre 2021. Au demeurant, M. Gyengani s\u2019est r\u00e9joui des performances atteintes \u00e0 mi-parcours, estimant que le bilan au 31 ao\u00fbt 2021 est \u00ab satisfaisant \u00bb.<\/p>\n<p style=\"text-align: right\"><strong>Mamady ZANGO<\/strong><\/p>\n<p style=\"text-align: right\">mzango18@gmail.com<\/p>\n<p>L\u2019article <a rel=\"nofollow\" href=\"https:\/\/www.sidwaya.info\/blog\/2021\/09\/02\/ministere-de-la-sante-les-acteurs-de-la-depense-publique-se-concertent\/\">Minist\u00e8re de la Sant\u00e9 : Les acteurs de la d\u00e9pense publique  se concertent<\/a> est apparu en premier sur <a rel=\"nofollow\" href=\"https:\/\/www.sidwaya.info\/\">Quotidien Sidwaya<\/a>.<\/p>\n<\/div>\n<p>Auteur: JK. Sidwaya<br \/>\n<a href=\"https:\/\/www.sidwaya.info\/blog\/2021\/09\/02\/ministere-de-la-sante-les-acteurs-de-la-depense-publique-se-concertent\/\">Cliquez ici pour lire l&rsquo;article depuis sa source.<\/a><\/p>\n","protected":false},"excerpt":{"rendered":"<p>Les acteurs de la cha\u00eene de la d\u00e9pense publique du minist\u00e8re de la Sant\u00e9 sont en conclave, les 2 et 3 septembre 2021, \u00e0 Manga, dans le cadre de leur premi\u00e8re rencontre de l\u2019ann\u00e9e. Le Minist\u00e8re de la Sant\u00e9 (MS) veut accro\u00eetre le rendement du syst\u00e8me national de sant\u00e9 \u00e0 travers la rationalisation et l\u2019efficacit\u00e9 [&hellip;]<\/p>\n","protected":false},"author":1816,"featured_media":0,"comment_status":"closed","ping_status":"closed","sticky":false,"template":"","format":"standard","meta":{"fifu_image_url":"https:\/\/www.sidwaya.info\/wp-content\/uploads\/2021\/09\/acteur2-300x172.gif","fifu_image_alt":"Minist\u00e8re de la Sant\u00e9 : Les acteurs de la d\u00e9pense publique  se concertent","footnotes":""},"categories":[73,81],"tags":[],"class_list":["post-125896","post","type-post","status-publish","format-standard","hentry","category-actualite","category-burkina-faso"],"_links":{"self":[{"href":"https:\/\/linitiative.ca\/International\/wp-json\/wp\/v2\/posts\/125896","targetHints":{"allow":["GET"]}}],"collection":[{"href":"https:\/\/linitiative.ca\/International\/wp-json\/wp\/v2\/posts"}],"about":[{"href":"https:\/\/linitiative.ca\/International\/wp-json\/wp\/v2\/types\/post"}],"author":[{"embeddable":true,"href":"https:\/\/linitiative.ca\/International\/wp-json\/wp\/v2\/users\/1816"}],"replies":[{"embeddable":true,"href":"https:\/\/linitiative.ca\/International\/wp-json\/wp\/v2\/comments?post=125896"}],"version-history":[{"count":0,"href":"https:\/\/linitiative.ca\/International\/wp-json\/wp\/v2\/posts\/125896\/revisions"}],"wp:attachment":[{"href":"https:\/\/linitiative.ca\/International\/wp-json\/wp\/v2\/media?parent=125896"}],"wp:term":[{"taxonomy":"category","embeddable":true,"href":"https:\/\/linitiative.ca\/International\/wp-json\/wp\/v2\/categories?post=125896"},{"taxonomy":"post_tag","embeddable":true,"href":"https:\/\/linitiative.ca\/International\/wp-json\/wp\/v2\/tags?post=125896"}],"curies":[{"name":"wp","href":"https:\/\/api.w.org\/{rel}","templated":true}]}}