{"id":12590,"date":"2019-02-08T18:00:00","date_gmt":"2019-02-08T23:00:00","guid":{"rendered":"https:\/\/linitiative.ca\/International\/conference-mondiale-des-presidents-de-parlement-democratie-et-etat-de-droit\/"},"modified":"2019-02-08T18:00:00","modified_gmt":"2019-02-08T23:00:00","slug":"conference-mondiale-des-presidents-de-parlement-democratie-et-etat-de-droit","status":"publish","type":"post","link":"https:\/\/linitiative.ca\/International\/conference-mondiale-des-presidents-de-parlement-democratie-et-etat-de-droit\/","title":{"rendered":"Conf\u00e9rence mondiale des Pr\u00e9sidents de parlement : D\u00e9mocratie et \u00e9tat de droit"},"content":{"rendered":"<div class=\"TxArtcile\" readability=\"37\">\n<p>Le Conseil de la nation, repr\u00e9sent\u00e9 par Mme Fouzia Benbadis, prend part, depuis hier, aux travaux du Comit\u00e9 pr\u00e9paratoire de la 5e Conf\u00e9rence mondiale des pr\u00e9sidents de Parlement, \u00e0 Gen\u00e8ve (Suisse),\u00a0 a indiqu\u00e9, jeudi, un communiqu\u00e9 du Conseil.<\/p>\n<p>Les membres du Comit\u00e9 d\u00e9battront du th\u00e8me principal relatif \u00e0 \u00abl&rsquo;\u00e9tat d&rsquo;avancement des programmes des pr\u00e9c\u00e9dentes conf\u00e9rences mondiales des pr\u00e9sidents de Parlement\u00bb, par l&rsquo;examen de quatre volets, \u00e0 savoir, \u00abla coop\u00e9ration interparlementaire\u00bb, \u00ables parlements, la d\u00e9mocratie et l&rsquo;Etat de droit\u00bb, \u00ables parlements et le programme de d\u00e9veloppement durable \u00e0 l&rsquo;horizon 2030\u00bb, ainsi que \u00abla dimension parlementaire dans l&rsquo;action de l&rsquo;Organisation des Nations unies (Onu)\u00bb, pr\u00e9cise le m\u00eame communiqu\u00e9. A signaler que le Parlement alg\u00e9rien est membre du Comit\u00e9 pr\u00e9paratoire de la 5e Conf\u00e9rence mondiale des pr\u00e9sidents de Parlement, devant se tenir en 2020, et ce, depuis la 139e Assembl\u00e9e g\u00e9n\u00e9rale de l&rsquo;Union interparlementaire (UIP) qui s&rsquo;est tenue, en octobre 2018, \u00e0 Gen\u00e8ve. Le pr\u00e9sident du Conseil de la nation, Abdelkader Bensalah a la qualit\u00e9 de membre audit Comit\u00e9, rappelle-t-on de m\u00eame source.<br \/>\u00a0<\/p>\n<\/div>\n<div class=\"ModliArtilUne\">\n<ul>\n<li><strong>Publi\u00e9 dans :<\/strong><\/li>\n<\/ul>\n<\/div>\n<div class=\"MbComIns\" id=\"newcom\" readability=\"5.69402985075\">\n<h6>DONNEZ VOTRE AVIS<\/h6>\n<p>Il n&rsquo;y a actuellement aucune r\u00e9action \u00e0 cette information. Soyez le premier \u00e0 r\u00e9agir !<\/p>\n<p><a href=\"\" rel=\"#popup\" class=\"login resetbutton\">Identifiez-vous<\/a><a class=\"button\" href=\"http:\/\/www.elmoudjahid.com\/fr\/inscription\/\"><span>S&rsquo;inscrire<\/span><\/a><\/p>\n<\/div>\n","protected":false},"excerpt":{"rendered":"<p>Le Conseil de la nation, repr\u00e9sent\u00e9 par Mme Fouzia Benbadis, prend part, depuis hier, aux travaux du Comit\u00e9 pr\u00e9paratoire de la 5e Conf\u00e9rence mondiale des pr\u00e9sidents de Parlement, \u00e0 Gen\u00e8ve (Suisse),\u00a0 a indiqu\u00e9, jeudi, un communiqu\u00e9 du Conseil. Les membres du Comit\u00e9 d\u00e9battront du th\u00e8me principal relatif \u00e0 \u00abl&rsquo;\u00e9tat d&rsquo;avancement des programmes des pr\u00e9c\u00e9dentes conf\u00e9rences [&hellip;]<\/p>\n","protected":false},"author":1744,"featured_media":0,"comment_status":"closed","ping_status":"closed","sticky":false,"template":"","format":"standard","meta":{"fifu_image_url":"","fifu_image_alt":"","footnotes":""},"categories":[73,53],"tags":[],"class_list":["post-12590","post","type-post","status-publish","format-standard","hentry","category-actualite","category-algerie"],"_links":{"self":[{"href":"https:\/\/linitiative.ca\/International\/wp-json\/wp\/v2\/posts\/12590","targetHints":{"allow":["GET"]}}],"collection":[{"href":"https:\/\/linitiative.ca\/International\/wp-json\/wp\/v2\/posts"}],"about":[{"href":"https:\/\/linitiative.ca\/International\/wp-json\/wp\/v2\/types\/post"}],"author":[{"embeddable":true,"href":"https:\/\/linitiative.ca\/International\/wp-json\/wp\/v2\/users\/1744"}],"replies":[{"embeddable":true,"href":"https:\/\/linitiative.ca\/International\/wp-json\/wp\/v2\/comments?post=12590"}],"version-history":[{"count":0,"href":"https:\/\/linitiative.ca\/International\/wp-json\/wp\/v2\/posts\/12590\/revisions"}],"wp:attachment":[{"href":"https:\/\/linitiative.ca\/International\/wp-json\/wp\/v2\/media?parent=12590"}],"wp:term":[{"taxonomy":"category","embeddable":true,"href":"https:\/\/linitiative.ca\/International\/wp-json\/wp\/v2\/categories?post=12590"},{"taxonomy":"post_tag","embeddable":true,"href":"https:\/\/linitiative.ca\/International\/wp-json\/wp\/v2\/tags?post=12590"}],"curies":[{"name":"wp","href":"https:\/\/api.w.org\/{rel}","templated":true}]}}