{"id":125907,"date":"2021-09-02T17:25:23","date_gmt":"2021-09-02T21:25:23","guid":{"rendered":"https:\/\/linitiative.ca\/International\/cameroun-la-presse-sportive-boycotte-la-conference-davant-match-avec-le-selectionneur-des-lions-toni-conceicao\/"},"modified":"2021-09-02T17:25:23","modified_gmt":"2021-09-02T21:25:23","slug":"cameroun-la-presse-sportive-boycotte-la-conference-davant-match-avec-le-selectionneur-des-lions-toni-conceicao","status":"publish","type":"post","link":"https:\/\/linitiative.ca\/International\/cameroun-la-presse-sportive-boycotte-la-conference-davant-match-avec-le-selectionneur-des-lions-toni-conceicao\/","title":{"rendered":"Cameroun : la presse sportive boycotte la conf\u00e9rence d\u2019avant-match avec le s\u00e9lectionneur des Lions Toni Concei\u00e7ao"},"content":{"rendered":"<div>\n<p><img loading=\"lazy\" decoding=\"async\" width=\"720\" height=\"405\" src=\"https:\/\/linitiative.ca\/International\/wp-content\/uploads\/sites\/23\/2021\/09\/FB_IMG_1630616886923.jpg\" class=\"attachment-post-thumbnail size-post-thumbnail wp-post-image\" alt=\"\" srcset=\"https:\/\/linitiative.ca\/International\/wp-content\/uploads\/sites\/23\/2021\/09\/FB_IMG_1630616886923.jpg 720w, https:\/\/www.journalducameroun.com\/wp-content\/uploads\/2021\/09\/FB_IMG_1630616886923-300x169.jpg 300w, https:\/\/www.journalducameroun.com\/wp-content\/uploads\/2021\/09\/FB_IMG_1630616886923-780x440.jpg 780w, https:\/\/www.journalducameroun.com\/wp-content\/uploads\/2021\/09\/FB_IMG_1630616886923-380x215.jpg 380w, https:\/\/www.journalducameroun.com\/wp-content\/uploads\/2021\/09\/FB_IMG_1630616886923-160x90.jpg 160w, https:\/\/www.journalducameroun.com\/wp-content\/uploads\/2021\/09\/FB_IMG_1630616886923-240x135.jpg 240w, https:\/\/www.journalducameroun.com\/wp-content\/uploads\/2021\/09\/FB_IMG_1630616886923-600x338.jpg 600w\" sizes=\"auto, (max-width: 720px) 100vw, 720px\"><\/p>\n<h2 style=\"text-align: justify;\">Face \u00e0 la d\u00e9cision de la CAF de ne point autoriser\u00a0 \u00e0 la presse l&rsquo;acc\u00e8s au stade du Complexe Olembe en vue de la rencontre Cameroun &#8211; Malawi comptant pour la premi\u00e8re journ\u00e9e des \u00e9liminatoires du mondial 2022, en raison de la pr\u00e9valence du Covid-19, les journalistes protestent. Ce 2 septembre 2021 dans la salle de conf\u00e9rence du Stade Ahmadou Ahidjo, ils ont refus\u00e9 d&rsquo;assister \u00e0 l&rsquo;\u00e9change d&rsquo;avant-match pr\u00e9vu\u00a0 avec le s\u00e9lectionneur et le capitaine Vincent Aboubakar.<\/h2>\n<p>Ci-dessous, une attitude des hommes de m\u00e9dias amen\u00e9s par Marc Chouamo de la chaine de t\u00e9l\u00e9vision Canal 2 international.<\/p>\n<div style=\"width: 640px;\" class=\"wp-video\"><video class=\"wp-video-shortcode\" id=\"video-125907-1\" width=\"640\" height=\"352\" preload=\"metadata\" controls=\"controls\"><source type=\"video\/mp4\" src=\"https:\/\/www.journalducameroun.com\/wp-content\/uploads\/2021\/09\/VID-20210902-WA0115.mp4?_=1\" \/><a href=\"https:\/\/www.journalducameroun.com\/wp-content\/uploads\/2021\/09\/VID-20210902-WA0115.mp4\">https:\/\/www.journalducameroun.com\/wp-content\/uploads\/2021\/09\/VID-20210902-WA0115.mp4<\/a><\/video><\/div>\n<p>Cet article <a rel=\"nofollow\" href=\"https:\/\/www.journalducameroun.com\/cameroun-la-presse-sportive-boycotte-la-conference-davant-match-avec-le-selectionneur-des-lions-toni-conceicao\/\">Cameroun : la presse sportive boycotte la conf\u00e9rence d\u2019avant-match avec le s\u00e9lectionneur des Lions Toni Concei\u00e7ao<\/a> est apparu en premier sur <a rel=\"nofollow\" href=\"https:\/\/www.journalducameroun.com\/\">Journal du Cameroun<\/a>.<\/p>\n<\/div>\n<p>Auteur: Christian DJIMADEU<br \/>\n<a href=\"https:\/\/www.journalducameroun.com\/cameroun-la-presse-sportive-boycotte-la-conference-davant-match-avec-le-selectionneur-des-lions-toni-conceicao\/\">Cliquez ici pour lire l&rsquo;article depuis sa source.<\/a><\/p>\n","protected":false},"excerpt":{"rendered":"<p>Face \u00e0 la d\u00e9cision de la CAF de ne point autoriser\u00a0 \u00e0 la presse l&rsquo;acc\u00e8s au stade du Complexe Olembe en vue de la rencontre Cameroun &#8211; Malawi comptant pour la premi\u00e8re journ\u00e9e des \u00e9liminatoires du mondial 2022, en raison de la pr\u00e9valence du Covid-19, les journalistes protestent. Ce 2 septembre 2021 dans la salle [&hellip;]<\/p>\n","protected":false},"author":1965,"featured_media":0,"comment_status":"closed","ping_status":"closed","sticky":false,"template":"","format":"standard","meta":{"fifu_image_url":"https:\/\/www.journalducameroun.com\/wp-content\/uploads\/2021\/09\/FB_IMG_1630616886923.jpg","fifu_image_alt":"Cameroun : la presse sportive boycotte la conf\u00e9rence d\u2019avant-match avec le s\u00e9lectionneur des Lions Toni Concei\u00e7ao","footnotes":""},"categories":[73,82],"tags":[],"class_list":["post-125907","post","type-post","status-publish","format-standard","hentry","category-actualite","category-cameroun"],"_links":{"self":[{"href":"https:\/\/linitiative.ca\/International\/wp-json\/wp\/v2\/posts\/125907","targetHints":{"allow":["GET"]}}],"collection":[{"href":"https:\/\/linitiative.ca\/International\/wp-json\/wp\/v2\/posts"}],"about":[{"href":"https:\/\/linitiative.ca\/International\/wp-json\/wp\/v2\/types\/post"}],"author":[{"embeddable":true,"href":"https:\/\/linitiative.ca\/International\/wp-json\/wp\/v2\/users\/1965"}],"replies":[{"embeddable":true,"href":"https:\/\/linitiative.ca\/International\/wp-json\/wp\/v2\/comments?post=125907"}],"version-history":[{"count":0,"href":"https:\/\/linitiative.ca\/International\/wp-json\/wp\/v2\/posts\/125907\/revisions"}],"wp:attachment":[{"href":"https:\/\/linitiative.ca\/International\/wp-json\/wp\/v2\/media?parent=125907"}],"wp:term":[{"taxonomy":"category","embeddable":true,"href":"https:\/\/linitiative.ca\/International\/wp-json\/wp\/v2\/categories?post=125907"},{"taxonomy":"post_tag","embeddable":true,"href":"https:\/\/linitiative.ca\/International\/wp-json\/wp\/v2\/tags?post=125907"}],"curies":[{"name":"wp","href":"https:\/\/api.w.org\/{rel}","templated":true}]}}