{"id":125911,"date":"2021-09-02T07:05:17","date_gmt":"2021-09-02T11:05:17","guid":{"rendered":"https:\/\/linitiative.ca\/International\/les-travaux-de-construction-de-la-cimenterie-de-kribi-devraient-demarrer-cette-annee\/"},"modified":"2021-09-02T07:05:17","modified_gmt":"2021-09-02T11:05:17","slug":"les-travaux-de-construction-de-la-cimenterie-de-kribi-devraient-demarrer-cette-annee","status":"publish","type":"post","link":"https:\/\/linitiative.ca\/International\/les-travaux-de-construction-de-la-cimenterie-de-kribi-devraient-demarrer-cette-annee\/","title":{"rendered":"Les travaux de construction de la cimenterie de Kribi devraient d\u00e9marrer cette ann\u00e9e"},"content":{"rendered":"<div>\n<p>Les travaux de construction de la cimenterie de Kribi install\u00e9e dans une surface de 10 ha dans la zone industrialo-portuaire de Kribi.\u00a0\u00ab\u00a0Nous travaillons d\u00e9j\u00e0 \u00e0 caler une date pour la c\u00e9r\u00e9monie de pose de la premi\u00e8re pierre. Les travaux de construction de l\u2019usine vont d\u00e9marrer au cours de cette ann\u00e9e 2021 et dureront 24 mois au plus\u00a0\u00bb, explique Patrice Yantho, CEO du cabinet JMJ Africa dans un extrait publi\u00e9 par Investir au Cameroun.<\/p>\n<p>Cette cimenterie, qui devrait co\u00fbter 39 milliards de FCFA pour une production annuelle de 1 million de tonnes, devrait g\u00e9n\u00e9rer environ 16\u00a0000 emplois directs et indirects. Et, peut-\u00eatre, contribuer \u00e0 ramener le prix du sac de ciment \u00e0 la baisse.<\/p>\n<p>Au moment o\u00f9 le secteur subit encore des tensions inflationnistes (entre 4 600 et 5\u00a0000), encourag\u00e9es notamment par la volont\u00e9 du g\u00e9ant camerounais Cimencam, de proc\u00e9der \u00e0 une augmentation des prix, pour juguler les co\u00fbts du transport.<\/p>\n<p><strong>Attractivit\u00e9<\/strong><\/p>\n<p>Si les travaux respectent le calendrier de d\u00e9marrage, la Cimenterie de la SIC deviendra la 10<sup>e<\/sup>\u00a0entreprise industrielle \u00e0 d\u00e9marrer les travaux dans la zone industrielle. Apr\u00e8s Kribi Boats, Noubrou, Oceanshiping, Kribidevco, Klass, SCI Kaloupe, CATRAM, IHM, et KAMLOG.<\/p>\n<p>Bon \u00e0 savoir, trois entreprises industrielles (Atlantic Cocoa, Cimport, Sodipraco) y sont d\u00e9j\u00e0 install\u00e9es. Et selon le Port Autonome de Kribi, 22 Autorisations d\u2019occupation Temporaires (AOT) ont \u00e9t\u00e9 d\u00e9livr\u00e9es en 2020 dans la zone de la circonscription portuaire de Kribi.<\/p>\n<p>Le projet de construction d\u2019une cimenterie \u00e0 Kribi a re\u00e7u le feu vert de l\u2019Agence de Promotion des Investissements le 04 ao\u00fbt dernier \u00e0 travers la signature d\u2019une convention. Un document qui lui permet de b\u00e9n\u00e9ficier de facilit\u00e9s fiscales et douani\u00e8res sur une p\u00e9riode \u00e9tal\u00e9e entre 5 et 10 ans.<\/p>\n<p><strong>Berty Tounoudjou<\/strong><\/p>\n<p>L\u2019article <a rel=\"nofollow\" href=\"https:\/\/ecomatin.net\/les-travaux-de-construction-de-la-cimenterie-de-kribi-devraient-demarrer-cette-annee\/\">Les travaux de construction de la cimenterie de Kribi devraient d\u00e9marrer cette ann\u00e9e<\/a> est apparu en premier sur <a rel=\"nofollow\" href=\"https:\/\/ecomatin.net\/\">EcoMatin<\/a>.<\/p>\n<\/div>\n<p>Auteur: EcoMatin<br \/>\n<a href=\"https:\/\/ecomatin.net\/les-travaux-de-construction-de-la-cimenterie-de-kribi-devraient-demarrer-cette-annee\/\">Cliquez ici pour lire l&rsquo;article depuis sa source.<\/a><\/p>\n","protected":false},"excerpt":{"rendered":"<p>Les travaux de construction de la cimenterie de Kribi install\u00e9e dans une surface de 10 ha dans la zone industrialo-portuaire de Kribi.\u00a0\u00ab\u00a0Nous travaillons d\u00e9j\u00e0 \u00e0 caler une date pour la c\u00e9r\u00e9monie de pose de la premi\u00e8re pierre. Les travaux de construction de l\u2019usine vont d\u00e9marrer au cours de cette ann\u00e9e 2021 et dureront 24 mois [&hellip;]<\/p>\n","protected":false},"author":1969,"featured_media":0,"comment_status":"closed","ping_status":"closed","sticky":false,"template":"","format":"standard","meta":{"fifu_image_url":"","fifu_image_alt":"","footnotes":""},"categories":[82,78],"tags":[],"class_list":["post-125911","post","type-post","status-publish","format-standard","hentry","category-cameroun","category-economie"],"_links":{"self":[{"href":"https:\/\/linitiative.ca\/International\/wp-json\/wp\/v2\/posts\/125911","targetHints":{"allow":["GET"]}}],"collection":[{"href":"https:\/\/linitiative.ca\/International\/wp-json\/wp\/v2\/posts"}],"about":[{"href":"https:\/\/linitiative.ca\/International\/wp-json\/wp\/v2\/types\/post"}],"author":[{"embeddable":true,"href":"https:\/\/linitiative.ca\/International\/wp-json\/wp\/v2\/users\/1969"}],"replies":[{"embeddable":true,"href":"https:\/\/linitiative.ca\/International\/wp-json\/wp\/v2\/comments?post=125911"}],"version-history":[{"count":0,"href":"https:\/\/linitiative.ca\/International\/wp-json\/wp\/v2\/posts\/125911\/revisions"}],"wp:attachment":[{"href":"https:\/\/linitiative.ca\/International\/wp-json\/wp\/v2\/media?parent=125911"}],"wp:term":[{"taxonomy":"category","embeddable":true,"href":"https:\/\/linitiative.ca\/International\/wp-json\/wp\/v2\/categories?post=125911"},{"taxonomy":"post_tag","embeddable":true,"href":"https:\/\/linitiative.ca\/International\/wp-json\/wp\/v2\/tags?post=125911"}],"curies":[{"name":"wp","href":"https:\/\/api.w.org\/{rel}","templated":true}]}}