{"id":125921,"date":"2021-09-03T10:30:02","date_gmt":"2021-09-03T14:30:02","guid":{"rendered":"https:\/\/linitiative.ca\/International\/prefecture-dain-chock-loperation-de-vaccination-des-12-17-ans-cible-plus-de-35-000-eleves\/"},"modified":"2021-09-03T10:30:02","modified_gmt":"2021-09-03T14:30:02","slug":"prefecture-dain-chock-loperation-de-vaccination-des-12-17-ans-cible-plus-de-35-000-eleves","status":"publish","type":"post","link":"https:\/\/linitiative.ca\/International\/prefecture-dain-chock-loperation-de-vaccination-des-12-17-ans-cible-plus-de-35-000-eleves\/","title":{"rendered":"Pr\u00e9fecture d\u2019Ain Chock : L\u2019op\u00e9ration de vaccination des 12-17 ans cible plus de 35.000 \u00e9l\u00e8ves"},"content":{"rendered":"<div>\n<p><img decoding=\"async\" width=\"300\" height=\"153\" src=\"https:\/\/linitiative.ca\/International\/wp-content\/uploads\/sites\/23\/2021\/09\/vaccination-MAP-300x153-1.jpg\" class=\"attachment-medium size-medium wp-post-image\" alt=\"\" loading=\"lazy\" srcset=\"\/\/aujourdhui.ma\/wp-content\/uploads\/2021\/09\/vaccination-MAP--300x153.jpg 300w, \/\/aujourdhui.ma\/wp-content\/uploads\/2021\/09\/vaccination-MAP--274x140.jpg 274w, \/\/aujourdhui.ma\/wp-content\/uploads\/2021\/09\/vaccination-MAP-.jpg 746w, \/\/aujourdhui.ma\/wp-content\/uploads\/2021\/09\/vaccination-MAP--165x84.jpg 165w, \/\/aujourdhui.ma\/wp-content\/uploads\/2021\/09\/vaccination-MAP--702x358.jpg 702w\" sizes=\"auto, (max-width: 300px) 100vw, 300px\"><\/p>\n<p><span style=\"color: #800000;\"><strong>L\u2019op\u00e9ration de vaccination contre le Covid-19 en faveur de la cat\u00e9gorie d\u2019\u00e2ge des 12-17 ans cible quelque 35.168 \u00e9l\u00e8ves inscrits dans les diff\u00e9rents \u00e9tablissements scolaires du public et du priv\u00e9 au niveau de la pr\u00e9fecture d\u2019arrondissement Ain Chock.<\/strong><\/span><span id=\"more-385761\"><\/span><\/p>\n<p>Dans un communiqu\u00e9, la direction provinciale de l\u2019\u00e9ducation et de la formation de Ain Chock a indiqu\u00e9 que la phase d\u2019inoculation de la premi\u00e8re dose du vaccin pour ces \u00e9l\u00e8ves s\u2019est d\u00e9roul\u00e9e au cours des deux premiers jours dans une atmosph\u00e8re marqu\u00e9e par le sens de la responsabilit\u00e9, dans la perspective de l\u2019immunisation du cadre scolaire pour contribuer ainsi \u00e0 r\u00e9duire les cas d\u2019infection et de d\u00e9c\u00e8s li\u00e9s au virus. La directrice provinciale de l\u2019\u00e9ducation et de la formation de Ain Chock, Latifa Lamalif, a indiqu\u00e9 dans le communiqu\u00e9 qu\u2019une s\u00e9rie de mesures et de pr\u00e9paratifs organisationnels et logistiques a \u00e9t\u00e9 prise pour permettre aux b\u00e9n\u00e9ficiaires de se faire vacciner dans de bonnes conditions et garantir le d\u00e9roulement de la rentr\u00e9e scolaire 2021-2022 dans les meilleures conditions. A cet \u00e9gard, l\u2019action des \u00e9quipes m\u00e9dicales et param\u00e9dicales relevant de la d\u00e9l\u00e9gation provinciale de la sant\u00e9 a \u00e9t\u00e9 salu\u00e9e ainsi que les efforts des cadres \u00e9ducatifs contribuant \u00e0 cette op\u00e9ration, outre les efforts et l\u2019engagement positif de l\u2019ensemble des intervenants pour r\u00e9ussir cette op\u00e9ration. Cette importante op\u00e9ration nationale, tenue sous le slogan \u00abVacciner mes enfants, les prot\u00e9ger et prot\u00e9ger ma famille et leur permettre de poursuivre leur scolarit\u00e9 en toute s\u00e9curit\u00e9\u00bb, se d\u00e9roule au niveau de 58 centres de vaccination dans la r\u00e9gion Casablanca- Settat et cible quelque 613.367 \u00e9l\u00e8ves au niveau de la r\u00e9gion.<\/p>\n<p>L\u2019op\u00e9ration intervient en r\u00e9ponse aux directives du minist\u00e8re de l\u2019\u00e9ducation nationale, de la formation professionnelle, de l\u2019enseignement sup\u00e9rieur et de la recherche scientifique, notamment celles relatives aux pr\u00e9paratifs pour r\u00e9ussir la rentr\u00e9e scolaire 2021-2022 et les autres \u00e9tapes de l\u2019ann\u00e9e scolaire, et en application du plan r\u00e9gional mis en place par l\u2019acad\u00e9mie en coordination avec les autres partenaires. Elle intervient \u00e9galement compte tenu du d\u00e9veloppement inqui\u00e9tant des indicateurs de la situation sanitaire au niveau national.<\/p>\n<\/div>\n<p>Auteur: ALM<br \/>\n<a href=\"https:\/\/aujourdhui.ma\/societe\/prefecture-dain-chock-loperation-de-vaccination-des-12-17-ans-cible-plus-de-35-000-eleves\">Cliquez ici pour lire l&rsquo;article depuis sa source.<\/a><\/p>\n","protected":false},"excerpt":{"rendered":"<p>L\u2019op\u00e9ration de vaccination contre le Covid-19 en faveur de la cat\u00e9gorie d\u2019\u00e2ge des 12-17 ans cible quelque 35.168 \u00e9l\u00e8ves inscrits dans les diff\u00e9rents \u00e9tablissements scolaires du public et du priv\u00e9 au niveau de la pr\u00e9fecture d\u2019arrondissement Ain Chock. Dans un communiqu\u00e9, la direction provinciale de l\u2019\u00e9ducation et de la formation de Ain Chock a indiqu\u00e9 [&hellip;]<\/p>\n","protected":false},"author":1759,"featured_media":0,"comment_status":"closed","ping_status":"closed","sticky":false,"template":"","format":"standard","meta":{"fifu_image_url":"https:\/\/aujourdhui.ma\/wp-content\/uploads\/2021\/09\/vaccination-MAP--300x153.jpg","fifu_image_alt":"Pr\u00e9fecture d\u2019Ain Chock : L\u2019op\u00e9ration de vaccination des 12-17 ans cible plus de 35.000 \u00e9l\u00e8ves","footnotes":""},"categories":[73,54],"tags":[],"class_list":["post-125921","post","type-post","status-publish","format-standard","hentry","category-actualite","category-maroc"],"_links":{"self":[{"href":"https:\/\/linitiative.ca\/International\/wp-json\/wp\/v2\/posts\/125921","targetHints":{"allow":["GET"]}}],"collection":[{"href":"https:\/\/linitiative.ca\/International\/wp-json\/wp\/v2\/posts"}],"about":[{"href":"https:\/\/linitiative.ca\/International\/wp-json\/wp\/v2\/types\/post"}],"author":[{"embeddable":true,"href":"https:\/\/linitiative.ca\/International\/wp-json\/wp\/v2\/users\/1759"}],"replies":[{"embeddable":true,"href":"https:\/\/linitiative.ca\/International\/wp-json\/wp\/v2\/comments?post=125921"}],"version-history":[{"count":0,"href":"https:\/\/linitiative.ca\/International\/wp-json\/wp\/v2\/posts\/125921\/revisions"}],"wp:attachment":[{"href":"https:\/\/linitiative.ca\/International\/wp-json\/wp\/v2\/media?parent=125921"}],"wp:term":[{"taxonomy":"category","embeddable":true,"href":"https:\/\/linitiative.ca\/International\/wp-json\/wp\/v2\/categories?post=125921"},{"taxonomy":"post_tag","embeddable":true,"href":"https:\/\/linitiative.ca\/International\/wp-json\/wp\/v2\/tags?post=125921"}],"curies":[{"name":"wp","href":"https:\/\/api.w.org\/{rel}","templated":true}]}}