{"id":125925,"date":"2021-09-02T14:00:00","date_gmt":"2021-09-02T18:00:00","guid":{"rendered":"https:\/\/linitiative.ca\/International\/lafrique-sest-positionnee-comme-un-acteur-central-de-la-mise-en-oeuvre-du-pacte-de-marrakech\/"},"modified":"2021-09-02T14:00:00","modified_gmt":"2021-09-02T18:00:00","slug":"lafrique-sest-positionnee-comme-un-acteur-central-de-la-mise-en-oeuvre-du-pacte-de-marrakech","status":"publish","type":"post","link":"https:\/\/linitiative.ca\/International\/lafrique-sest-positionnee-comme-un-acteur-central-de-la-mise-en-oeuvre-du-pacte-de-marrakech\/","title":{"rendered":"L\u2019Afrique s\u2019est positionn\u00e9e comme un acteur central de la mise en \u0153uvre du Pacte de Marrakech"},"content":{"rendered":"<div>\n<p class=\"has-text-align-center has-vivid-red-color has-text-color\"><strong>Migration<\/strong><\/p>\n<p class=\"has-black-color has-text-color\"><strong>L\u2019Afrique s\u2019est positionn\u00e9e comme un acteur central de la mise en \u0153uvre du Pacte Mondial pour des Migrations S\u00fbres, Ordonn\u00e9es et R\u00e9guli\u00e8res (pacte de Marrakech), a affirm\u00e9, mercredi, le ministre des Affaires \u00e9trang\u00e8res, de la Coop\u00e9ration africaine et des Marocains r\u00e9sidant \u00e0 l\u2019\u00e9tranger, Nasser Bourita.<\/strong><\/p>\n<p class=\"has-black-color has-text-color\">\u201cAlors m\u00eame que la migration africaine est stigmatis\u00e9e, surcharg\u00e9e de pr\u00e9jug\u00e9s et associ\u00e9e \u00e0 des conceptions binaires, l\u2019Afrique s\u2019est positionn\u00e9e comme un acteur central de la mise en \u0153uvre du Pacte\u201d, a soulign\u00e9 le ministre \u00e0 l\u2019ouverture de la premi\u00e8re r\u00e9union intergouvernementale pour l\u2019Examen r\u00e9gional du Pacte mondial pour des migrations s\u00fbres, ordonn\u00e9es et r\u00e9guli\u00e8res.<\/p>\n<p class=\"has-black-color has-text-color\">M. Bourita, qui pr\u00e9sidait cette conf\u00e9rence tenue virtuellement, a pr\u00e9cis\u00e9 que des grandes mesures africaines r\u00e9centes sont des marqueurs \u00e0 cet \u00e9gard , citant notamment la mise en place effective de l\u2019Observatoire Africain des Migrations dont le si\u00e8ge a \u00e9t\u00e9 inaugur\u00e9 le 18 d\u00e9cembre 2020 \u00e0 Rabat.<\/p>\n<p class=\"has-black-color has-text-color\">Cette Instance de l\u2019UA \u2013 qui est la toute premi\u00e8re \u00e0 si\u00e9ger au Maroc \u2013 est n\u00e9e d\u2019une Vision Royale, port\u00e9e par l\u2019Agenda africain sur la Migration, a-t-il poursuivi, notant que l\u2019Observatoire est, aussi, une d\u00e9clinaison directe du Pacte de Marrakech, et en particulier de son objectif premier, qui est de collecter et d\u2019utiliser des donn\u00e9es pr\u00e9cises qui serviront \u00e0 l\u2019\u00e9laboration de politiques fond\u00e9es sur la connaissance des faits.<\/p>\n<p class=\"has-black-color has-text-color\">La seconde mesure concerne la participation notoire de l\u2019Afrique au Fonds multipartenaires de la Migration, a-t-il fait observer, pr\u00e9cisant qu\u2019il s\u2019agit d\u2019un m\u00e9canisme mis en place en vue d\u2019assister les pays dans la mise en \u0153uvre du Pacte.<\/p>\n<p class=\"has-black-color has-text-color\">En effet, 16 des 39 projets \u2013 soit 41% du total des projets retenus pour financement, ont \u00e9t\u00e9 soumis par des pays africains, a indiqu\u00e9 M. Bourita, relevant que l\u2019Afrique s\u2019est \u00e9galement, distingu\u00e9e avec 4 projets collectifs, donnant ainsi l\u2019exemple d\u2019une gestion r\u00e9gionale concert\u00e9e, que le Pacte de Marrakech appelle de ses v\u0153ux.<\/p>\n<p class=\"has-black-color has-text-color\">Le ministre a aussi estim\u00e9 que la migration en Afrique est, d\u2019abord, r\u00e9gionale, soulignant que c\u2019est \u201cd\u2019abord\u201d au niveau des Etats du Continent et de chacune de ses sous-r\u00e9gions, qu\u2019elle doit \u00eatre trait\u00e9e.<\/p>\n<p class=\"has-black-color has-text-color\">Il a dans ce sens rappel\u00e9 que la conscience pr\u00e9coce du Maroc qu\u2019une mise en \u0153uvre efficace du Pacte de Marrakech au niveau r\u00e9gional, commence \u00e0 l\u2019\u00e9chelon national, pr\u00e9cisant qu\u2019en lan\u00e7ant sa Strat\u00e9gie nationale d\u2019immigration et d\u2019asile, en 2013, le Royaume la voulait \u00e0 la fois responsable et solidaire, \u00e0 l\u2019image de l\u2019approche qu\u2019il a d\u00e9fendue dans l\u2019Agenda Africain pour la Migration en janvier 2018 et le Pacte Mondial en d\u00e9cembre de la m\u00eame ann\u00e9e.<\/p>\n<p class=\"has-black-color has-text-color\">Cette coh\u00e9rence entre l\u2019engagement national, r\u00e9gional et global, est une mani\u00e8re de se rapprocher au plus pr\u00e8s de l\u2019objectif d\u2019optimiser la migration au lieu de la combattre, a-t-il encore dit.<\/p>\n<p class=\"has-black-color has-text-color\">M. Bourita a en outre affirm\u00e9 que l\u2019impact de la pand\u00e9mie sur les migrations est ind\u00e9niable, faisant observer que si ses retomb\u00e9es \u00e9conomiques et sociales ont accentu\u00e9 la pr\u00e9carit\u00e9 des travailleurs migrants, elle a aussi ralenti la mobilit\u00e9 d\u2019une mani\u00e8re g\u00e9n\u00e9rale.<\/p>\n<p class=\"has-black-color has-text-color\">La fermeture des fronti\u00e8res a ass\u00e9ch\u00e9, pour un temps, les routes migratoires, et rendu les travers\u00e9es encore plus p\u00e9rilleuses, a-t-il indiqu\u00e9, soutenant qu\u2019elle n\u2019a pas, pour autant, d\u00e9truit le commerce morbide des passeurs et autres marchands de mis\u00e8re.<\/p>\n<p class=\"has-black-color has-text-color\">Du point de vue des gouvernements, la pand\u00e9mie a, sans nul doute, complexifi\u00e9 la gouvernance migratoire, tout en soulignant la centralit\u00e9 du Pacte de Marrakech et en rappelant \u00e0 tous la pertinence universelle de ses objectifs, a poursuivi le ministre.<\/p>\n<p class=\"has-black-color has-text-color\">Il a aussi relev\u00e9 que la crise a fortement soulign\u00e9 l\u2019importance de la r\u00e9gularisation de la situation des migrants, et la n\u00e9cessit\u00e9 de garantir leur acc\u00e8s \u00e0 la s\u00e9curit\u00e9 sociale \u2013 et la s\u00e9curit\u00e9 tout court.<\/p>\n<p class=\"has-black-color has-text-color\">A la mani\u00e8re d\u2019une mise en abyme, la migration en temps de pand\u00e9mie s\u2019est impos\u00e9e comme une crise dans la crise \u2013 \u00e0 ceci pr\u00e8s que la migration n\u2019est pas une \u201ccrise\u201d, mais un ph\u00e9nom\u00e8ne structurellement durable, a ajout\u00e9 M. Bourita, faisant remarquer que \u201cla pand\u00e9mie s\u2019arr\u00eatera \u2013 le plus rapidement possible, nous le souhaitons \u2013 mais la migration, elle, restera\u201d.<\/p>\n<p class=\"has-black-color has-text-color\">C\u2019est pour cela, aussi, que la gouvernance de la migration ne r\u00e9pond pas \u2013 et ne doit pas r\u00e9pondre \u2013 \u00e0 une gestion d\u2019urgence, a-t-il insist\u00e9, expliquant qu\u2019il s\u2019agit \u201cd\u2019un terrain de responsabilit\u00e9, par excellence !\u201d et qu\u2019elle ne peut \u00eatre d\u00e9l\u00e9gu\u00e9e, externalis\u00e9e ou sous-trait\u00e9e.<\/p>\n<p class=\"has-black-color has-text-color\">Il a dans ce sens rappel\u00e9 que dans un message adress\u00e9 aux participants \u00e0 la Conf\u00e9rence de Marrakech de d\u00e9cembre 2018, le Souverain avait affirm\u00e9 que \u201cLe Pacte Mondial n\u2019est pas une fin en soi. Il ne fait sens que par sa mise en \u0153uvre effective\u201d.<\/p>\n<p class=\"has-black-color has-text-color\">Le ministre a par ailleurs relev\u00e9 que le Maroc avait exprim\u00e9 d\u00e8s f\u00e9vrier 2020 au plus haut niveau sa volont\u00e9 d\u2019accueillir cette conf\u00e9rence, rappelant que Sa Majest\u00e9 le Roi Mohammed VI \u2013 dans le cadre de Son mandat de Leader sur la Question de la Migration en Afrique \u2013 l\u2019a soulign\u00e9 dans Son rapport au 33 \u00e8me Sommet Ordinaire de l\u2019Union Africaine.<\/p>\n<p class=\"has-black-color has-text-color\">Cette conf\u00e9rence est con\u00e7ue dans l\u2019objectif d\u2019examiner, ensemble, la mise en \u0153uvre en Afrique du Pacte de Marrakech, et de consolider des conclusions pour enrichir le Forum international d\u2019examen des migrations, pr\u00e9vu en 2022, a expliqu\u00e9 le ministre.<\/p>\n<p class=\"has-black-color has-text-color\">Sur un autre registre, M. Bourita a affirm\u00e9 que le v\u00e9ritable fl\u00e9au, ce n\u2019est pas la migration, mais la traite des \u00eatres humains et le trafic des migrants, d\u00e9plorant l\u2019imaginaire fauss\u00e9 par les aprioris, qui per\u00e7oit les migrants comme moins humains d\u2019un c\u00f4t\u00e9 que de l\u2019autre d\u2019une fronti\u00e8re.<\/p>\n<p class=\"has-black-color has-text-color\">\u201cLa v\u00e9ritable anomalie, ce n\u2019est pas que des femmes, des hommes et des enfants fassent le choix difficile d\u2019\u00e9migrer ; mais que des passeurs exploitent leurs vuln\u00e9rabilit\u00e9s\u201d, a dit M. Bourita.<\/p>\n<p class=\"has-black-color has-text-color\">Le v\u00e9ritable \u00e9cueil, c\u2019est que les migrants soient les oubli\u00e9s du d\u00e9veloppement, des pand\u00e9mies et de l\u2019\u00e9quit\u00e9 sociale, a-t-il aussi d\u00e9plor\u00e9, soulignant que les migrants doivent \u00eatre le v\u00e9ritable centre de gravit\u00e9 de politiques migratoires responsables, solidaires et conformes aux 23 objectifs du Pacte.<\/p>\n<p class=\"has-black-color has-text-color\">\u201cNous ne devons pas nous laisser prendre dans les travers de la \u2018d\u00e9shumanisation\u2019 des migrants ; nous ne devons pas non plus nous laisser prendre dans la tendance de plus en plus visible au traitement de la migration comme un enjeu de politique s\u00e9curitaire, exclusivement\u201d, a-t-il conclu.<\/p>\n<p class=\"has-black-color has-text-color\">Organis\u00e9e \u00e0 l\u2019initiative de la Commission \u00e9conomique des Nations Unies pour l\u2019Afrique (CEA), de l\u2019Organisation internationale pour les migrations (OIM) et du R\u00e9seau des Nations Unies sur les migrations, cette conf\u00e9rence devra permettre aux \u00c9tats membres africains d\u2019examiner les progr\u00e8s nationaux, sous-r\u00e9gionaux et continentaux r\u00e9alis\u00e9s dans le cadre de la mise en \u0153uvre des dispositions et objectifs du Pacte, \u00e0 la lumi\u00e8re des nouveaux d\u00e9fis engendr\u00e9s par la pand\u00e9mie de la Covid-19.<\/p>\n<p class=\"has-black-color has-text-color\">Elle permettra, en outre, de partager les exp\u00e9riences, expertises et bonnes pratiques entre pays africains et mettre en lumi\u00e8re les contraintes auxquelles la r\u00e9gion est confront\u00e9e et discuter des moyens d\u2019y rem\u00e9dier, notamment en cette conjoncture de crise sanitaire mondiale.<\/p>\n<p>L\u2019article <a rel=\"nofollow\" href=\"http:\/\/albayane.press.ma\/lafrique-sest-positionnee-comme-un-acteur-central-de-la-mise-en-oeuvre-du-pacte-de-marrakech.html\">L\u2019Afrique s\u2019est positionn\u00e9e comme un acteur central de la mise en \u0153uvre du Pacte de Marrakech<\/a> est apparu en premier sur <a rel=\"nofollow\" href=\"http:\/\/albayane.press.ma\/\">ALBAYANE<\/a>.<\/p>\n<\/div>\n<p>Auteur: M&rsquo;hammed rahal<br \/>\n<a href=\"http:\/\/albayane.press.ma\/lafrique-sest-positionnee-comme-un-acteur-central-de-la-mise-en-oeuvre-du-pacte-de-marrakech.html\">Cliquez ici pour lire l&rsquo;article depuis sa source.<\/a><\/p>\n","protected":false},"excerpt":{"rendered":"<p>Migration L\u2019Afrique s\u2019est positionn\u00e9e comme un acteur central de la mise en \u0153uvre du Pacte Mondial pour des Migrations S\u00fbres, Ordonn\u00e9es et R\u00e9guli\u00e8res (pacte de Marrakech), a affirm\u00e9, mercredi, le ministre des Affaires \u00e9trang\u00e8res, de la Coop\u00e9ration africaine et des Marocains r\u00e9sidant \u00e0 l\u2019\u00e9tranger, Nasser Bourita. \u201cAlors m\u00eame que la migration africaine est stigmatis\u00e9e, surcharg\u00e9e [&hellip;]<\/p>\n","protected":false},"author":1760,"featured_media":0,"comment_status":"closed","ping_status":"closed","sticky":false,"template":"","format":"standard","meta":{"fifu_image_url":"","fifu_image_alt":"","footnotes":""},"categories":[73,54],"tags":[],"class_list":["post-125925","post","type-post","status-publish","format-standard","hentry","category-actualite","category-maroc"],"_links":{"self":[{"href":"https:\/\/linitiative.ca\/International\/wp-json\/wp\/v2\/posts\/125925","targetHints":{"allow":["GET"]}}],"collection":[{"href":"https:\/\/linitiative.ca\/International\/wp-json\/wp\/v2\/posts"}],"about":[{"href":"https:\/\/linitiative.ca\/International\/wp-json\/wp\/v2\/types\/post"}],"author":[{"embeddable":true,"href":"https:\/\/linitiative.ca\/International\/wp-json\/wp\/v2\/users\/1760"}],"replies":[{"embeddable":true,"href":"https:\/\/linitiative.ca\/International\/wp-json\/wp\/v2\/comments?post=125925"}],"version-history":[{"count":0,"href":"https:\/\/linitiative.ca\/International\/wp-json\/wp\/v2\/posts\/125925\/revisions"}],"wp:attachment":[{"href":"https:\/\/linitiative.ca\/International\/wp-json\/wp\/v2\/media?parent=125925"}],"wp:term":[{"taxonomy":"category","embeddable":true,"href":"https:\/\/linitiative.ca\/International\/wp-json\/wp\/v2\/categories?post=125925"},{"taxonomy":"post_tag","embeddable":true,"href":"https:\/\/linitiative.ca\/International\/wp-json\/wp\/v2\/tags?post=125925"}],"curies":[{"name":"wp","href":"https:\/\/api.w.org\/{rel}","templated":true}]}}