{"id":125926,"date":"2021-09-02T14:00:00","date_gmt":"2021-09-02T18:00:00","guid":{"rendered":"https:\/\/linitiative.ca\/International\/la-question-migratoire-une-priorite-strategique-pour-le-royaume\/"},"modified":"2021-09-02T14:00:00","modified_gmt":"2021-09-02T18:00:00","slug":"la-question-migratoire-une-priorite-strategique-pour-le-royaume","status":"publish","type":"post","link":"https:\/\/linitiative.ca\/International\/la-question-migratoire-une-priorite-strategique-pour-le-royaume\/","title":{"rendered":"La question migratoire, une priorit\u00e9 strat\u00e9gique pour le Royaume"},"content":{"rendered":"<div>\n<p class=\"has-black-color has-text-color\"><strong>La question migratoire repr\u00e9sente une priorit\u00e9 strat\u00e9gique pour le Royaume du Maroc qui accorde, sous le leadership visionnaire de Sa Majest\u00e9 le Roi Mohammed VI, un int\u00e9r\u00eat tr\u00e8s particulier \u00e0 ce sujet en adoptant une politique humaniste dans sa philosophie, holistique dans son contenu, pragmatique dans sa m\u00e9thode et responsable dans sa d\u00e9marche.<\/strong><\/p>\n<p class=\"has-black-color has-text-color\">En effet, le Maroc m\u00e8ne depuis 2014 une politique migratoire volontariste et \u00e0 caract\u00e8re humain qui s\u2019est traduite par le lancement de la premi\u00e8re phase d\u2019int\u00e9gration des personnes en situation irr\u00e9guli\u00e8re, conform\u00e9ment \u00e0 des crit\u00e8res raisonnables et \u00e9quitables, en cr\u00e9ant pour elles les conditions appropri\u00e9es pour s\u2019\u00e9tablir, travailler et vivre dignement au sein de la soci\u00e9t\u00e9.<\/p>\n<p class=\"has-black-color has-text-color\">Cette op\u00e9ration de grande envergure, hautement salu\u00e9e \u00e0 l\u2019\u00e9chelle internationale, avait concern\u00e9 pr\u00e8s de 25.000 personnes et avait, outre les facilit\u00e9s accord\u00e9es aux immigr\u00e9s pour acc\u00e9der aux soins, \u00e0 la formation et au march\u00e9 de l\u2019emploi, apport\u00e9 un soutien consid\u00e9rable pour la scolarisation de plus de 7.000 enfants de migrants et de r\u00e9fugi\u00e9s.<\/p>\n<p class=\"has-black-color has-text-color\">Le succ\u00e8s retentissant enregistr\u00e9 par cette campagne et l\u2019impact qu\u2019elle a eu a amen\u00e9 le Royaume \u00e0 lancer, en d\u00e9cembre 2016, sur Hautes Instructions de Sa Majest\u00e9 le Roi, la deuxi\u00e8me phase de r\u00e9gularisation, une noble initiative qui confirme, sans ambages, le statut du Maroc en tant que terre d\u2019accueil, de tol\u00e9rance et de partage et qui a permis la r\u00e9gularisation de la situation de pr\u00e8s 25.000 migrants suppl\u00e9mentaires.<\/p>\n<p class=\"has-black-color has-text-color\">Par ailleurs, la strat\u00e9gie nationale en mati\u00e8re de migration et d\u2019asile, adopt\u00e9e par le Conseil de gouvernement (18 d\u00e9cembre 2014), a \u00e9t\u00e9 \u00e9labor\u00e9e selon une approche participative, marqu\u00e9e par l\u2019ouverture sur les exp\u00e9riences internationales avec un diagnostic de la situation migratoire, ce qui a permis d\u2019aboutir \u00e0 quatre grands objectifs \u00e0 savoir: G\u00e9rer les flux migratoires dans le respect des droits de l\u2019Homme, mettre en place un cadre institutionnel adapt\u00e9, faciliter l\u2019int\u00e9gration des immigr\u00e9s r\u00e9guliers et mettre \u00e0 niveau le cadre r\u00e9glementaire.<\/p>\n<p class=\"has-black-color has-text-color\">Cette strat\u00e9gie, qui tend \u00e0 faire de la politique publique en mati\u00e8re de migration, une politique harmonieuse, globale, humaniste et responsable, comporte onze programmes touchant des domaines fondamentaux comme l\u2019\u00e9ducation et la culture (l\u2019int\u00e9gration dans le syst\u00e8me scolaire, la formation des langues, la culture marocaine), la jeunesse et les sports (programmes sportifs et loisirs), la sant\u00e9 (acc\u00e8s aux soins), l\u2019habitat (encouragement du droit \u00e0 l\u2019habitat dans un cadre l\u00e9gal), l\u2019assistance sociale et humanitaire, la solidarit\u00e9 et le d\u00e9veloppement social, l\u2019acc\u00e8s \u00e0 la formation professionnelle et la facilitation de l\u2019acc\u00e8s \u00e0 l\u2019emploi.<\/p>\n<p class=\"has-black-color has-text-color\">Elle porte \u00e9galement sur la gestion des flux migratoires et la lutte contre la traite des \u00eatres humains et les r\u00e9seaux de ce trafic, le renforcement de la coop\u00e9ration et des partenariats au niveau international, la modernisation du syst\u00e8me juridique et l\u2019adoption d\u2019une politique de communication agissante dans le domaine de la migration et de l\u2019asile.<\/p>\n<p class=\"has-black-color has-text-color\">L\u2019exp\u00e9rience r\u00e9ussie et reconnue du Maroc en mati\u00e8re de migration a conduit les pays africains \u00e0 confier le mandat de \u201cLeader de l\u2019Union Africaine sur la question migratoire\u201d \u00e0 Sa Majest\u00e9 le Roi Mohammed VI qui n\u2019a eu de cesse de plaider en faveur du d\u00e9veloppement d\u2019une vision africaine commune sur la migration faisant de cette question un levier du co-d\u00e9veloppement, un pilier de la Coop\u00e9ration Sud-Sud et un vecteur de solidarit\u00e9.<\/p>\n<p class=\"has-black-color has-text-color\">D\u00e9termin\u00e9 \u00e0 mettre l\u2019expertise du Royaume en la mati\u00e8re au service de l\u2019Afrique, SM le Roi avait soumis au 30\u00e8 sommet de l\u2019Union Africaine l\u2019\u201dAgenda Africain pour la Migration\u201d, un document adopt\u00e9 \u00e0 l\u2019unanimit\u00e9 par la Conf\u00e9rence de l\u2019UA en janvier 2018 et qui proc\u00e8de d\u2019une approche humaniste et novatrice, embrassant les divers aspects du ph\u00e9nom\u00e8ne migratoire et abordant cette question, non comme une contrainte ou une menace, mais comme une force positive qui doit contribuer \u00e0 l\u2019\u00e9mergence d\u2019une Afrique nouvelle.<\/p>\n<p class=\"has-black-color has-text-color\">Dans cet agenda, il est propos\u00e9 la cr\u00e9ation d\u2019un poste d\u2019Envoy\u00e9 sp\u00e9cial de l\u2019UA charg\u00e9 de la Migration pour coordonner les politiques de l\u2019Union dans ce domaine, ainsi que d\u2019un Observatoire Africain de la Migration, dont le si\u00e8ge a \u00e9t\u00e9 inaugur\u00e9 le 18 d\u00e9cembre 2020 \u00e0 Rabat. Cet observatoire est venu doter le Continent d\u2019un instrument efficace lui permettant de g\u00e9n\u00e9rer une meilleure connaissance, compr\u00e9hension et ma\u00eetrise du ph\u00e9nom\u00e8ne migratoire, de d\u00e9velopper la collecte, l\u2019analyse et l\u2019\u00e9change de donn\u00e9es entre les pays africains.<\/p>\n<p class=\"has-black-color has-text-color\">Couvrant les diff\u00e9rentes sous-r\u00e9gions et pays africains, un syst\u00e8me interconnect\u00e9 de collecte de donn\u00e9es aidera \u00e0 am\u00e9liorer la situation des migrants et \u00e0 mettre en valeur la relation migration-d\u00e9veloppement.<\/p>\n<p class=\"has-black-color has-text-color\">Les efforts du Royaume en mati\u00e8re de migration ont \u00e9galement \u00e9t\u00e9 hautement salu\u00e9s \u00e0 l\u2019occasion de la Conf\u00e9rence intergouvernementale pour l\u2019adoption du Pacte mondial pour des migrations s\u00fbres, ordonn\u00e9es et r\u00e9guli\u00e8res, tenue en d\u00e9cembre 2018 \u00e0 Marrakech et au cours de laquelle les diff\u00e9rentes parties se sont accord\u00e9es sur le fait que la question migratoire rel\u00e8ve de la responsabilit\u00e9 de tous et qu\u2019elle n\u2019est pas \u2013 et ne devrait pas \u2013 devenir une question s\u00e9curitaire.<\/p>\n<p>Dans ce cadre, le Maroc ne m\u00e9nage aucun effort pour contribuer \u00e0 la mise en \u0153uvre des objectifs du Pacte mondial pour des Migrations s\u00fbres, ordonn\u00e9es et r\u00e9guli\u00e8res (pacte de Marrakech) qui, d\u2019ailleurs, offre des outils de convergence aux processus bi-continentaux, tels que les processus euro-africains.<\/p>\n<p class=\"has-black-color has-text-color\">Le choix du Maroc comme pays h\u00f4te de la 1-\u00e8re R\u00e9union intergouvernementale pour l\u2019Examen R\u00e9gional du Pacte Mondial pour des Migrations S\u00fbres, Ordonn\u00e9es et R\u00e9guli\u00e8res, qui a ouvert ses travaux officiellement ce mercredi en mode virtuel, s\u2019inscrit dans le cadre de cet engagement sans faille du Royaume en faveur de la question migratoire pour en faire une force et un vecteur de l\u2019\u00e9mergence de tout un continent.<\/p>\n<p>L\u2019article <a rel=\"nofollow\" href=\"http:\/\/albayane.press.ma\/la-question-migratoire-une-priorite-strategique-pour-le-royaume.html\">La question migratoire, une priorit\u00e9 strat\u00e9gique pour le Royaume<\/a> est apparu en premier sur <a rel=\"nofollow\" href=\"http:\/\/albayane.press.ma\/\">ALBAYANE<\/a>.<\/p>\n<\/div>\n<p>Auteur: M&rsquo;hammed rahal<br \/>\n<a href=\"http:\/\/albayane.press.ma\/la-question-migratoire-une-priorite-strategique-pour-le-royaume.html\">Cliquez ici pour lire l&rsquo;article depuis sa source.<\/a><\/p>\n","protected":false},"excerpt":{"rendered":"<p>La question migratoire repr\u00e9sente une priorit\u00e9 strat\u00e9gique pour le Royaume du Maroc qui accorde, sous le leadership visionnaire de Sa Majest\u00e9 le Roi Mohammed VI, un int\u00e9r\u00eat tr\u00e8s particulier \u00e0 ce sujet en adoptant une politique humaniste dans sa philosophie, holistique dans son contenu, pragmatique dans sa m\u00e9thode et responsable dans sa d\u00e9marche. En effet, [&hellip;]<\/p>\n","protected":false},"author":1760,"featured_media":0,"comment_status":"closed","ping_status":"closed","sticky":false,"template":"","format":"standard","meta":{"fifu_image_url":"","fifu_image_alt":"","footnotes":""},"categories":[73,54],"tags":[],"class_list":["post-125926","post","type-post","status-publish","format-standard","hentry","category-actualite","category-maroc"],"_links":{"self":[{"href":"https:\/\/linitiative.ca\/International\/wp-json\/wp\/v2\/posts\/125926","targetHints":{"allow":["GET"]}}],"collection":[{"href":"https:\/\/linitiative.ca\/International\/wp-json\/wp\/v2\/posts"}],"about":[{"href":"https:\/\/linitiative.ca\/International\/wp-json\/wp\/v2\/types\/post"}],"author":[{"embeddable":true,"href":"https:\/\/linitiative.ca\/International\/wp-json\/wp\/v2\/users\/1760"}],"replies":[{"embeddable":true,"href":"https:\/\/linitiative.ca\/International\/wp-json\/wp\/v2\/comments?post=125926"}],"version-history":[{"count":0,"href":"https:\/\/linitiative.ca\/International\/wp-json\/wp\/v2\/posts\/125926\/revisions"}],"wp:attachment":[{"href":"https:\/\/linitiative.ca\/International\/wp-json\/wp\/v2\/media?parent=125926"}],"wp:term":[{"taxonomy":"category","embeddable":true,"href":"https:\/\/linitiative.ca\/International\/wp-json\/wp\/v2\/categories?post=125926"},{"taxonomy":"post_tag","embeddable":true,"href":"https:\/\/linitiative.ca\/International\/wp-json\/wp\/v2\/tags?post=125926"}],"curies":[{"name":"wp","href":"https:\/\/api.w.org\/{rel}","templated":true}]}}