{"id":125928,"date":"2021-09-02T14:00:00","date_gmt":"2021-09-02T18:00:00","guid":{"rendered":"https:\/\/linitiative.ca\/International\/la-candidature-des-jeunes-peut-elle-renverser-la-vapeur\/"},"modified":"2021-09-02T14:00:00","modified_gmt":"2021-09-02T18:00:00","slug":"la-candidature-des-jeunes-peut-elle-renverser-la-vapeur","status":"publish","type":"post","link":"https:\/\/linitiative.ca\/International\/la-candidature-des-jeunes-peut-elle-renverser-la-vapeur\/","title":{"rendered":"La candidature des jeunes peut-elle renverser la vapeur ?"},"content":{"rendered":"<div>\n<p class=\"has-text-align-center has-vivid-red-color has-text-color\"><strong>Abstention<\/strong><\/p>\n<p class=\"has-text-align-right has-black-color has-text-color\"><strong>A\u00efmen Bouzoggaghe<\/strong><\/p>\n<p class=\"has-black-color has-text-color\"><strong>Le Maroc, comme plusieurs pays du monde, conna\u00eet depuis tr\u00e8s longtemps une abstention massive des jeunes, un ph\u00e9nom\u00e8ne qui ne cesse d\u2019\u00e9voluer au fil des ann\u00e9es. Il est d\u00fb principalement \u00e0 un manque de confiance chez les jeunes vis-\u00e0-vis des \u00e9lus, d\u00e9veloppant ainsi une certaine aversion envers tout processus ou d\u00e9bat politique.\u00a0<\/strong><\/p>\n<p class=\"has-black-color has-text-color\">Ce d\u00e9sint\u00e9r\u00eat repr\u00e9sente, en effet, un d\u00e9fi majeur pour la classe politique au vu du poids \u00e9lectoral des jeunes qui repr\u00e9sentent pr\u00e8s de 40% de la population au Maroc, selon le HCP. Pour rem\u00e9dier \u00e0 cette d\u00e9politisation accrue, certains partis comme le PPS ont veill\u00e9 \u00e0 avoir des candidats jeunes dans leurs rangs, partant du principe de ce qui se ressemble s\u2019assemble. Ainsi, ce sang neuf, attirera graduellement mais immanquablement les jeunes vers l\u2019isoloir qui auront naturellement beaucoup plus confiance dans des personnes de leur g\u00e9n\u00e9ration.<\/p>\n<p class=\"has-black-color has-text-color\">Karim Benamar, notre coll\u00e8gue au quotidien Al Bayane, est l\u2019un de ces jeunes qui ont d\u00e9cid\u00e9 de franchir le pas et d\u2019investir le champ politique dans l\u2019espoir de changer la donne. Candidat aux \u00e9lections municipales \u00e0 Tanger, dans l\u2019arrondissement Tanger-M\u00e9dina, Karim, 35 ans, journaliste de profession, est laur\u00e9at de l\u2019\u00c9cole des Hautes \u00c9tudes Internationales et Politiques (Paris). Il est titulaire d\u2019un Bachelor en Relations Internationales, d\u2019un Master 1 en Fonction Publique Internationale et d\u2019un Master 2 en<\/p>\n<p class=\"has-black-color has-text-color\">Communication Politique.<\/p>\n<p class=\"has-black-color has-text-color\">\u00ab La participation des jeunes dans les \u00e9lections est tr\u00e8s importantes pour le d\u00e9veloppement de notre sc\u00e8ne politique \u00bb, nous a-t-il confirm\u00e9, avant de pr\u00e9ciser qu\u2019une partie de la jeunesse est totalement<\/p>\n<p class=\"has-black-color has-text-color\">d\u00e9sint\u00e9ress\u00e9e de la politique. \u00ab Lors de nos tourn\u00e9es, nous rencontrons parfois des jeunes qui ne veulent pas entendre parler d\u2019\u00e9lections ou de vote. Ils estiment qu\u2019ils ont toujours \u00e9t\u00e9 trahis par leurs \u00e9lus \u00bb, a-t-il affirm\u00e9.<\/p>\n<p class=\"has-black-color has-text-color\">En campagne \u00e0 Tanger-M\u00e9dina, Karim Ben Amar, nous a fait savoir qu\u2019il a \u00e9galement rencontr\u00e9 des jeunes conscients de l\u2019importance du vote mais qui demandent juste \u00e0 ne pas \u00eatre d\u00e9\u00e7us.<\/p>\n<p class=\"has-black-color has-text-color\">\u00ab \u00c0 travers nos tourn\u00e9es, nous arrivons \u00e0 convaincre beaucoup de jeunes d\u2019aller voter. Avant de d\u00e9fendre notre projet, notre candidature et celle de notre t\u00eate de liste aux \u00e9lections l\u00e9gislatives, Mohamed Samir Berroho, nous expliquons l\u2019importance de voter. Cette action citoyenne est la meilleure opportunit\u00e9 de changement, quitte \u00e0 voter blanc, l\u2019essentiel est de participer \u00e0 l\u2019exercice d\u00e9mocratique, mais toujours avec l\u2019espoir qu\u2019ils votent PPS\u00bb, a-t-il indiqu\u00e9.<\/p>\n<p class=\"has-black-color has-text-color\">Convaincu que le PPS a toute ses chances pour cr\u00e9er la grande surprise \u00e0 Tanger, Karim nous a inform\u00e9s que la campagne se passe dans les meilleures conditions gr\u00e2ce aux efforts des militantes et militants du Parti qui travaillent avec une d\u00e9termination sans faille et une conviction absolue.<\/p>\n<p class=\"has-black-color has-text-color\">\u00abLe livre a une tr\u00e8s bonne r\u00e9putation dans cette ville. Les tang\u00e9roises et les tang\u00e9rois savent que les candidats et militants du PPS font campagne proprement \u00bb, a-t-il constat\u00e9. \u00ab D\u2019ailleurs ce n\u2019est pas un hasard si, au vu de nos tracts, certains tang\u00e9rois ne nous interpellent que par \u00abal Ma\u00e2koul\u00bb, le s\u00e9rieux. Nous expliquons tr\u00e8s clairement que dans cette histoire d\u2019\u00e9lection, avec les candidats du PPS, il n\u2019y a pas d\u2019argent \u00e0 se faire\u00bb, ajoute-il le sourire aux l\u00e8vres.<\/p>\n<p class=\"has-black-color has-text-color\">Selon le candidat, les Marocaines et les Marocains savent pertinemment que celui qui tentera de les acheter, ne r\u00e9pondra pas \u00e0 leurs besoins.<\/p>\n<p>L\u2019article <a rel=\"nofollow\" href=\"http:\/\/albayane.press.ma\/la-candidature-des-jeunes-peut-elle-renverser-la-vapeur.html\">La candidature des jeunes peut-elle renverser la vapeur ?<\/a> est apparu en premier sur <a rel=\"nofollow\" href=\"http:\/\/albayane.press.ma\/\">ALBAYANE<\/a>.<\/p>\n<\/div>\n<p>Auteur: M&rsquo;hammed rahal<br \/>\n<a href=\"http:\/\/albayane.press.ma\/la-candidature-des-jeunes-peut-elle-renverser-la-vapeur.html\">Cliquez ici pour lire l&rsquo;article depuis sa source.<\/a><\/p>\n","protected":false},"excerpt":{"rendered":"<p>Abstention A\u00efmen Bouzoggaghe Le Maroc, comme plusieurs pays du monde, conna\u00eet depuis tr\u00e8s longtemps une abstention massive des jeunes, un ph\u00e9nom\u00e8ne qui ne cesse d\u2019\u00e9voluer au fil des ann\u00e9es. Il est d\u00fb principalement \u00e0 un manque de confiance chez les jeunes vis-\u00e0-vis des \u00e9lus, d\u00e9veloppant ainsi une certaine aversion envers tout processus ou d\u00e9bat politique.\u00a0 [&hellip;]<\/p>\n","protected":false},"author":1760,"featured_media":0,"comment_status":"closed","ping_status":"closed","sticky":false,"template":"","format":"standard","meta":{"fifu_image_url":"","fifu_image_alt":"","footnotes":""},"categories":[73,54],"tags":[],"class_list":["post-125928","post","type-post","status-publish","format-standard","hentry","category-actualite","category-maroc"],"_links":{"self":[{"href":"https:\/\/linitiative.ca\/International\/wp-json\/wp\/v2\/posts\/125928","targetHints":{"allow":["GET"]}}],"collection":[{"href":"https:\/\/linitiative.ca\/International\/wp-json\/wp\/v2\/posts"}],"about":[{"href":"https:\/\/linitiative.ca\/International\/wp-json\/wp\/v2\/types\/post"}],"author":[{"embeddable":true,"href":"https:\/\/linitiative.ca\/International\/wp-json\/wp\/v2\/users\/1760"}],"replies":[{"embeddable":true,"href":"https:\/\/linitiative.ca\/International\/wp-json\/wp\/v2\/comments?post=125928"}],"version-history":[{"count":0,"href":"https:\/\/linitiative.ca\/International\/wp-json\/wp\/v2\/posts\/125928\/revisions"}],"wp:attachment":[{"href":"https:\/\/linitiative.ca\/International\/wp-json\/wp\/v2\/media?parent=125928"}],"wp:term":[{"taxonomy":"category","embeddable":true,"href":"https:\/\/linitiative.ca\/International\/wp-json\/wp\/v2\/categories?post=125928"},{"taxonomy":"post_tag","embeddable":true,"href":"https:\/\/linitiative.ca\/International\/wp-json\/wp\/v2\/tags?post=125928"}],"curies":[{"name":"wp","href":"https:\/\/api.w.org\/{rel}","templated":true}]}}