{"id":125929,"date":"2021-09-02T14:23:00","date_gmt":"2021-09-02T18:23:00","guid":{"rendered":"https:\/\/linitiative.ca\/International\/lurgence-dun-nouveau-elan-democratique-a-insuffler-a-la-vie-politique\/"},"modified":"2021-09-02T14:23:00","modified_gmt":"2021-09-02T18:23:00","slug":"lurgence-dun-nouveau-elan-democratique-a-insuffler-a-la-vie-politique","status":"publish","type":"post","link":"https:\/\/linitiative.ca\/International\/lurgence-dun-nouveau-elan-democratique-a-insuffler-a-la-vie-politique\/","title":{"rendered":"L\u2019urgence d\u2019un \u00ab nouveau \u00e9lan d\u00e9mocratique \u00bb \u00e0 insuffler \u00e0 la vie politique"},"content":{"rendered":"<div>\n<p class=\"has-text-align-center has-vivid-cyan-blue-color has-text-color\"><strong>Des raisons pour voter en faveur des candidates et des candidats du \u00ab\u00a0S\u00e9rieux\u00a0\u00bb<\/strong><\/p>\n<p class=\"has-black-color has-text-color\"><strong>Ind\u00e9niablement, le Parti du progr\u00e8s et du socialisme s\u2019impose, objectivement et au vu de ses prises de positions r\u00e9p\u00e9t\u00e9es, comme le champion de la d\u00e9fense de l\u2019espace de la d\u00e9mocratie et des libert\u00e9s individuelles et collectives. Le PPS met d\u2019ailleurs, en bonne place et fait la part belle, dans son programme \u00e9lectoral, au \u00ab\u00a0renouveau d\u00e9mocratique\u00a0\u00bb, et met l\u2019accent sur l\u2019indispensable assainissement de la situation politique et l\u2019\u00e9largissement du champ des libert\u00e9s.<\/strong><\/p>\n<p class=\"has-black-color has-text-color\"><strong>Tour d\u2019horizon sur ce travail de longue haleine et de pers\u00e9v\u00e9rance qui finira par donner ses fruits.<\/strong><\/p>\n<p class=\"has-black-color has-text-color\">Le PPS a plac\u00e9, parmi les trois axes fondamentaux de son programme \u00e9lectoral, \u00a0le\u00a0<em>\u00ab\u00a0renouveau de l\u2019\u00e9lan d\u00e9mocratique<\/em>\u00a0<em>\u00bb<\/em>, \u00e0 c\u00f4t\u00e9, figurez-vous, \u00a0d\u2019une \u00ab\u00a0\u00e9conomie forte au service du d\u00e9veloppement et de la souverainet\u00e9\u00a0\u00bb et de \u00ab\u00a0l\u2019humain au c\u0153ur des politiques publiques\u00a0\u00bb.<\/p>\n<p class=\"has-black-color has-text-color\">Et pour cause\u00a0! Tout y est dit sur l\u2019importance accord\u00e9e \u00e0 l\u2019espace d\u00e9mocratique et \u00e0 celui des libert\u00e9s, h\u00e9las remis en cause par des poursuites judiciaires intempestives et non convaincantes qui portent tort, encore, \u00e0 l\u2019image du Maroc qui avait pourtant chang\u00e9 en nette am\u00e9lioration depuis le nouveau r\u00e8gne.<\/p>\n<p class=\"has-black-color has-text-color\">Tourner la page\u2026<\/p>\n<p class=\"has-black-color has-text-color\">Aussi, malgr\u00e9 les 5 ann\u00e9es pass\u00e9es, depuis les \u00e9v\u00e9nements des ann\u00e9es 2016-2017 \u00e0 Al Hoceima, Jerrada et un peu ailleurs, il est ind\u00e9niable que la m\u00e9moire collective n\u2019oublie pas, et refuse d\u2019oublier cette d\u00e9plorable situation, marqu\u00e9e par des condamnations de Nasser Zefzafi et ses camarades jusqu\u2019\u00e0 20 ans de prison ferme\u2026 pour une affaire, au d\u00e9part, de revendication sociale et spatiale, mal g\u00e9r\u00e9e et qui a d\u00e9rap\u00e9 et tourn\u00e9 \u00e0 l\u2019affrontement\u2026 Surtout, la mani\u00e8re avec laquelle ces dossiers sensibles avaient \u00e9t\u00e9 trait\u00e9s, notamment par une justice jug\u00e9e exp\u00e9ditive et \u00a0\u00e0 laquelle il est reproch\u00e9, par les avocats de la d\u00e9fense et des associations des droits humains, de ne pas avoir permis les conditions de proc\u00e8s \u00e9quitables. Des proc\u00e8s entach\u00e9s, selon eux, de graves irr\u00e9gularit\u00e9s et o\u00f9 le droit n\u2019aurait pas \u00e9t\u00e9 respect\u00e9.<\/p>\n<p class=\"has-black-color has-text-color\"><strong>Les journalistes condamn\u00e9s \u2026<\/strong><\/p>\n<p class=\"has-black-color has-text-color\">L\u2019autre fait majeur, en mati\u00e8re de droit et de libert\u00e9s, concerne la condamnation de certains journalistes<strong>, avec des chefs d\u2019inculpations \u00ab\u00a0relevant\u00a0\u00bb du P\u00e9nal\u2026 o\u00f9 l\u2019amalgame est pr\u00e9sent, qui\u00a0<\/strong>ont sali la marche d\u00e9mocratique du Maroc.<\/p>\n<p class=\"has-black-color has-text-color\">C\u2019est, malheureusement, la m\u00eame\u00a0<strong>vision qui a pr\u00e9valu lors des proc\u00e8s comme le confirment et y insistent les m\u00eames observateurs.<\/strong><\/p>\n<p class=\"has-black-color has-text-color\">L\u00e0 encore, de gros soup\u00e7ons p\u00e8sent sur le traitement de ces affaires o\u00f9 des journalistes auraient \u00e9t\u00e9 impliqu\u00e9s \u00e0 cause de leurs id\u00e9es et des critiques r\u00e9guli\u00e8res des pouvoirs publics et \u00e0 qui l\u2019on aurait cherch\u00e9 des pr\u00e9textes pour les faire taire et donner des messages \u00e0 l\u2019ensemble des journalistes\u2026<\/p>\n<p class=\"has-black-color has-text-color\">Et par hasard, l\u2019ensemble des journalistes condamn\u00e9s pour de soit disant d\u00e9lits de droit communs qui se rapportent, tous, \u00e0 des soup\u00e7ons de viols sexuels\u2026 comme si les journalistes, dans leur gros bataillon, seraient des pervers potentiels et qu\u2019ils n\u2019ont pas le droit \u00e0 la critique s\u00e9rieuse et au non conformisme,\u00a0 contrairement \u00e0 tous ceux qui, chaque jour, caressent dans le sens du poil et se taisent sur des questions fondamentales en mati\u00e8re de libert\u00e9 d\u2019expression et de pens\u00e9e.<\/p>\n<p class=\"has-black-color has-text-color\"><strong>Qui peut croire que les journalistes incrimin\u00e9s et condamn\u00e9s auraient pu l\u2019\u00eatre s\u2019ils n\u2019avaient pas \u00e9t\u00e9 tr\u00e8s critiques \u00e0 l\u2019\u00e9gard des pouvoirs publics et de certains d\u00e9cideurs puissants\u00a0?<\/strong><\/p>\n<p class=\"has-black-color has-text-color\"><strong>A l\u2019inverse, l\u2019on est en l\u00e9gitime droit de nous demander s\u2019il n\u2019 y a que dans la profession des journalistes des \u00e9carts aussi dangereux que ceux adoss\u00e9s aux journalistes condamn\u00e9s\u2026<\/strong><\/p>\n<p class=\"has-black-color has-text-color\"><strong>Car, qui peut croire, encore, que les faits reproch\u00e9s aux journalistes ne seraient pas en liaison avec leurs \u00e9crits et mani\u00e8re de critiquer les d\u00e9cisions gouvernementales\u00a0?<\/strong><\/p>\n<p class=\"has-black-color has-text-color\">Le PPS sans laxisme, ni surench\u00e8re ou nihilisme<\/p>\n<p class=\"has-black-color has-text-color\"><strong>Sans monter au maquis, ni faire preuve de surench\u00e8res politiques ou de nihilisme, le PPS \u00a0appr\u00e9cie \u00e0 sa juste valeur l\u2019espace des libert\u00e9s et de la d\u00e9mocratie et veut lui donner un coup de fouet pour l\u2019agrandir et b\u00e9n\u00e9ficier \u00e0 toutes les Marocaines et les Marocains.<\/strong><\/p>\n<p class=\"has-black-color has-text-color\">Ce sont d<strong>es principes inextinguibles que le PPS n\u2019a pas abandonn\u00e9s malgr\u00e9 l\u2019espace de plus en plus ouvert \u00e0 la pratique d\u00e9mocratique mais parfois ponctu\u00e9 par des retours sur des acquis.<\/strong><\/p>\n<p class=\"has-black-color has-text-color\"><strong>Sur ce chapitre, le PPS, avec les quelques partis de l\u2019opposition \u00e0 bien des \u00e9gards, s\u2019av\u00e8re la seule formation politique la plus revendicative d\u2019un climat politique et d\u00e9mocratique sain et pr\u00e9conise une accalmie dans ces dossiers trait\u00e9s par la Justice mais fortement contest\u00e9s par l\u2019opinion publique nationale.<\/strong><\/p>\n<p class=\"has-black-color has-text-color\"><strong>La singularit\u00e9 et la particularit\u00e9 du PPS est qu\u2019il ne s\u2019agit pas d\u2019un opportunisme \u00e9lectoral mais bel et bien d\u2019une ligne de conduite r\u00e9guli\u00e8re et cons\u00e9quente qui lui fait, sans cesse, revendiquer un climat de d\u00e9tente politique par la lib\u00e9ration des condamn\u00e9s du Hirak et des journalistes condamn\u00e9s dans des affaires au nom du p\u00e9nal\u2026 comme d\u2019ailleurs pour d\u2019autres faits ponctuels o\u00f9 la d\u00e9mocratie et les libert\u00e9s sont mises \u00e0 mal.<\/strong><\/p>\n<p class=\"has-black-color has-text-color\"><strong>Objectivement et sans parti pris flagrant, qui peut nier que c\u2019est le PPS, et lui seul, qui ne cesse de r\u00e9clamer l\u2019assainissement de la situation politique par la mise d\u2019un terme notamment \u00e0 ces deux dossiers qui continuent \u00e0 rattraper le Maroc et offrent des occasions propices aux adversaires de notre cause national de faire l\u2019amalgame, \u00e0 d\u00e9faut d\u2019arguments convaincants.<\/strong><\/p>\n<p class=\"has-black-color has-text-color\"><strong>Oui, il faudra insister pour rendre \u00e0 C\u00e9sar ce qui appartient \u00e0 C\u00e9sar.<\/strong><\/p>\n<p class=\"has-black-color has-text-color\"><strong>Qui parmi la classe politique marocaine peut nier le fait que le PPS est le seul parti \u00e0 consacrer, depuis belle lurette, une r\u00e9union hebdomadaire r\u00e9guli\u00e8re de son bureau politique pour analyser la situation nationale, dont notamment celle en lien avec l\u2019espace des libert\u00e9s et de la d\u00e9mocratie, quand le besoin s\u2019en fait sentir.<\/strong><\/p>\n<p class=\"has-black-color has-text-color\"><strong>Nous pensons avec une grande certitude que, ne serait-ce que durant les deux ann\u00e9es 2020 et 2021, il n\u2019y a pas de r\u00e9union hebdomadaire de la direction du PPS qui n\u2019aie pas \u00e9voqu\u00e9 la n\u00e9cessit\u00e9 d\u2019inculquer un nouveau souffle d\u00e9mocratique au pays, en tant que slogan qui revient sans cesse dans la litt\u00e9rature du Parti.<\/strong><\/p>\n<p class=\"has-black-color has-text-color\"><strong>Il suffira, \u00e9galement, de rappeler les r\u00e9actions imm\u00e9diates du Secr\u00e9taire g\u00e9n\u00e9ral du PPS \u00e0 chaque tournant o\u00f9 la libert\u00e9 et la d\u00e9mocratie sont l\u2019objet de vis\u00e9es ou de mesures incompr\u00e9hensibles\u2026 Les r\u00e9seaux sociaux pour ne pas parler des nombreux sites d\u2019information en t\u00e9moignent, sans complaisance.<\/strong><\/p>\n<p class=\"has-black-color has-text-color\"><strong>Et, par honn\u00eatet\u00e9 intellectuelle, le citoyen Lambda sait parfaitement que Nabil Benabdallah reste le seul leader politique qui ne cesse de rappeler, sur tous les supports m\u00e9diatiques \u00e9crits et audiovisuels, l\u2019imp\u00e9rieuse n\u00e9cessit\u00e9 de plier ce dossier et de tourner la page, apr\u00e8s plus de 5 ann\u00e9es des \u00e9v\u00e9nements d\u2019Al Hoceima et quelques ann\u00e9es apr\u00e8s l\u2019arrestation de Taoufik Bouachrine, suivie par celle de Raissouni et Rami\u2026<\/strong><\/p>\n<p class=\"has-black-color has-text-color\">Le commun des mortels sait, depuis un certain temps, que l<strong>e PPS a pay\u00e9 le prix fort de son attachement \u00e0 la d\u00e9mocratie et aux libert\u00e9s individuelles et collectives. En t\u00e9moigne son d\u00e9part du gouvernement et sa d\u00e9cision de ne pas se raccrocher \u00e0 des postes minist\u00e9riels en contrepartie d\u2019un abandon de sa ligne de d\u00e9fense de la d\u00e9mocratie et des libert\u00e9s, loin de toute atteinte aux r\u00e8gles d\u00e9mocratiques et aux principes des libert\u00e9s.<\/strong><\/p>\n<p class=\"has-black-color has-text-color\"><strong>C\u2019est encore une raison majeure pour voter PPS et barrer la route aux penchants antid\u00e9mocratiques.<\/strong><\/p>\n<p class=\"has-vivid-red-color has-text-color\"><strong>Mohamed Khalil<\/strong><\/p>\n<p>L\u2019article <a rel=\"nofollow\" href=\"http:\/\/albayane.press.ma\/lurgence-dun-nouveau-elan-democratique-a-insuffler-a-la-vie-politique.html\">L\u2019urgence d\u2019un \u00ab nouveau \u00e9lan d\u00e9mocratique \u00bb \u00e0 insuffler \u00e0 la vie politique<\/a> est apparu en premier sur <a rel=\"nofollow\" href=\"http:\/\/albayane.press.ma\/\">ALBAYANE<\/a>.<\/p>\n<\/div>\n<p>Auteur: M&rsquo;hammed rahal<br \/>\n<a href=\"http:\/\/albayane.press.ma\/lurgence-dun-nouveau-elan-democratique-a-insuffler-a-la-vie-politique.html\">Cliquez ici pour lire l&rsquo;article depuis sa source.<\/a><\/p>\n","protected":false},"excerpt":{"rendered":"<p>Des raisons pour voter en faveur des candidates et des candidats du \u00ab\u00a0S\u00e9rieux\u00a0\u00bb Ind\u00e9niablement, le Parti du progr\u00e8s et du socialisme s\u2019impose, objectivement et au vu de ses prises de positions r\u00e9p\u00e9t\u00e9es, comme le champion de la d\u00e9fense de l\u2019espace de la d\u00e9mocratie et des libert\u00e9s individuelles et collectives. Le PPS met d\u2019ailleurs, en bonne [&hellip;]<\/p>\n","protected":false},"author":1760,"featured_media":0,"comment_status":"closed","ping_status":"closed","sticky":false,"template":"","format":"standard","meta":{"fifu_image_url":"","fifu_image_alt":"","footnotes":""},"categories":[73,54],"tags":[],"class_list":["post-125929","post","type-post","status-publish","format-standard","hentry","category-actualite","category-maroc"],"_links":{"self":[{"href":"https:\/\/linitiative.ca\/International\/wp-json\/wp\/v2\/posts\/125929","targetHints":{"allow":["GET"]}}],"collection":[{"href":"https:\/\/linitiative.ca\/International\/wp-json\/wp\/v2\/posts"}],"about":[{"href":"https:\/\/linitiative.ca\/International\/wp-json\/wp\/v2\/types\/post"}],"author":[{"embeddable":true,"href":"https:\/\/linitiative.ca\/International\/wp-json\/wp\/v2\/users\/1760"}],"replies":[{"embeddable":true,"href":"https:\/\/linitiative.ca\/International\/wp-json\/wp\/v2\/comments?post=125929"}],"version-history":[{"count":0,"href":"https:\/\/linitiative.ca\/International\/wp-json\/wp\/v2\/posts\/125929\/revisions"}],"wp:attachment":[{"href":"https:\/\/linitiative.ca\/International\/wp-json\/wp\/v2\/media?parent=125929"}],"wp:term":[{"taxonomy":"category","embeddable":true,"href":"https:\/\/linitiative.ca\/International\/wp-json\/wp\/v2\/categories?post=125929"},{"taxonomy":"post_tag","embeddable":true,"href":"https:\/\/linitiative.ca\/International\/wp-json\/wp\/v2\/tags?post=125929"}],"curies":[{"name":"wp","href":"https:\/\/api.w.org\/{rel}","templated":true}]}}