{"id":12593,"date":"2019-02-08T18:00:00","date_gmt":"2019-02-08T23:00:00","guid":{"rendered":"https:\/\/linitiative.ca\/International\/groupe-parlementaire-algerie-malaisie-des-relations-privilegiees\/"},"modified":"2019-02-08T18:00:00","modified_gmt":"2019-02-08T23:00:00","slug":"groupe-parlementaire-algerie-malaisie-des-relations-privilegiees","status":"publish","type":"post","link":"https:\/\/linitiative.ca\/International\/groupe-parlementaire-algerie-malaisie-des-relations-privilegiees\/","title":{"rendered":"Groupe parlementaire Alg\u00e9rie &#8211; Malaisie : Des relations privil\u00e9gi\u00e9es"},"content":{"rendered":"<div class=\"TxArtcile\" readability=\"30\">\n<p>Un groupe parlementaire d&rsquo;amiti\u00e9 \u00abAlg\u00e9rie-Malaisie\u00bb a \u00e9t\u00e9 install\u00e9, mercredi, au si\u00e8ge de l&rsquo;Assembl\u00e9e populaire nationale (APN) pour \u00abencourager les \u00e9changes parlementaires et jeter les ponts de nouvelles perspectives de la coop\u00e9ration bilat\u00e9rale\u00bb, indique un communiqu\u00e9 de l&rsquo;Assembl\u00e9e.<br \/>Pr\u00e9sidant la c\u00e9r\u00e9monie d&rsquo;installation, le vice-pr\u00e9sident de l&rsquo;APN, Abderrazak Terbeche a affirm\u00e9 que \u00ables relations solides et privil\u00e9gi\u00e9es qui lient les deux pays sont fond\u00e9es sur la solidarit\u00e9 historique entre les deux peuples et le soutien de la Malaisie \u00e0 l&rsquo;Alg\u00e9rie et au peuple alg\u00e9rien dans sa lutte pour l&rsquo;ind\u00e9pendance\u00bb. Lors de la c\u00e9r\u00e9monie d&rsquo;installation qui s&rsquo;est d\u00e9roul\u00e9e en pr\u00e9sence de l&rsquo;ambassadeur de Malaisie \u00e0 Alger, Mohd Tarid Bin Sufian et du repr\u00e9sentant du minist\u00e8re des Affaires \u00e9trang\u00e8res, Djihad Eddine Belkas, M. Terbeche a mis en avant \u00ables relations bilat\u00e9rales qui se sont consolid\u00e9es davantage, \u00e0 l&rsquo;issue des visites officielles effectu\u00e9es au plus haut niveau, marqu\u00e9es par la concertation politique p\u00e9riodique et r\u00e9guli\u00e8re autour des questions d&rsquo;int\u00e9r\u00eat commun\u00bb, insistant sur l&rsquo;imp\u00e9ratif de \u00ables promouvoir et de les \u00e9largir \u00e0 des domaines vitaux, notamment \u00e9conomique\u00bb. Concernant la diplomatie parlementaire, l&rsquo;intervenant \u00aba form\u00e9 le v\u0153u de voir ce groupe parlementaire aboutir \u00e0 de nouveaux m\u00e9canismes de communication, susceptibles d&rsquo;encourager les \u00e9changes parlementaires multifacettes\u00bb, soulignant la n\u00e9cessit\u00e9 de \u00abd\u00e9ployer davantage d&rsquo;efforts pour jeter les ponts de communication et de coop\u00e9ration, \u00e0 travers l&rsquo;intensification des visites au mieux des int\u00e9r\u00eats des deux pays et peuples fr\u00e8res\u00bb. Pour sa part, l&rsquo;ambassadeur malaisien s&rsquo;est f\u00e9licit\u00e9 du \u00abniveau des relations unissant l&rsquo;Alg\u00e9rie et son pays\u00bb, affirmant \u00abl&rsquo;attachement de son Etat \u00e0 promouvoir les relations bilat\u00e9rales au plus haut niveau, notamment dans les domaines de l&rsquo;enseignement sup\u00e9rieur et du tourisme\u00bb. Le d\u00e9put\u00e9 Khaled Rahmani, pr\u00e9sident du groupe parlementaire a mis l&rsquo;accent sur l&rsquo;importance d&rsquo;oeuvrer \u00e0 trouver \u00ables m\u00e9canismes \u00e0 m\u00eame de permettre aux parlementaires alg\u00e9riens et leurs homologues malaisiens d&rsquo;atteindre un niveau de coop\u00e9ration parlementaire fructueux et constructif\u00bb.<br \/>\u00a0<\/p>\n<\/div>\n<div class=\"ModliArtilUne\">\n<ul>\n<li><strong>Publi\u00e9 dans :<\/strong><\/li>\n<\/ul>\n<\/div>\n<div class=\"MbComIns\" id=\"newcom\" readability=\"5.69402985075\">\n<h6>DONNEZ VOTRE AVIS<\/h6>\n<p>Il n&rsquo;y a actuellement aucune r\u00e9action \u00e0 cette information. Soyez le premier \u00e0 r\u00e9agir !<\/p>\n<p><a href=\"\" rel=\"#popup\" class=\"login resetbutton\">Identifiez-vous<\/a><a class=\"button\" href=\"http:\/\/www.elmoudjahid.com\/fr\/inscription\/\"><span>S&rsquo;inscrire<\/span><\/a><\/p>\n<\/div>\n","protected":false},"excerpt":{"rendered":"<p>Un groupe parlementaire d&rsquo;amiti\u00e9 \u00abAlg\u00e9rie-Malaisie\u00bb a \u00e9t\u00e9 install\u00e9, mercredi, au si\u00e8ge de l&rsquo;Assembl\u00e9e populaire nationale (APN) pour \u00abencourager les \u00e9changes parlementaires et jeter les ponts de nouvelles perspectives de la coop\u00e9ration bilat\u00e9rale\u00bb, indique un communiqu\u00e9 de l&rsquo;Assembl\u00e9e.Pr\u00e9sidant la c\u00e9r\u00e9monie d&rsquo;installation, le vice-pr\u00e9sident de l&rsquo;APN, Abderrazak Terbeche a affirm\u00e9 que \u00ables relations solides et privil\u00e9gi\u00e9es qui [&hellip;]<\/p>\n","protected":false},"author":1744,"featured_media":0,"comment_status":"closed","ping_status":"closed","sticky":false,"template":"","format":"standard","meta":{"fifu_image_url":"","fifu_image_alt":"","footnotes":""},"categories":[73,53],"tags":[],"class_list":["post-12593","post","type-post","status-publish","format-standard","hentry","category-actualite","category-algerie"],"_links":{"self":[{"href":"https:\/\/linitiative.ca\/International\/wp-json\/wp\/v2\/posts\/12593","targetHints":{"allow":["GET"]}}],"collection":[{"href":"https:\/\/linitiative.ca\/International\/wp-json\/wp\/v2\/posts"}],"about":[{"href":"https:\/\/linitiative.ca\/International\/wp-json\/wp\/v2\/types\/post"}],"author":[{"embeddable":true,"href":"https:\/\/linitiative.ca\/International\/wp-json\/wp\/v2\/users\/1744"}],"replies":[{"embeddable":true,"href":"https:\/\/linitiative.ca\/International\/wp-json\/wp\/v2\/comments?post=12593"}],"version-history":[{"count":0,"href":"https:\/\/linitiative.ca\/International\/wp-json\/wp\/v2\/posts\/12593\/revisions"}],"wp:attachment":[{"href":"https:\/\/linitiative.ca\/International\/wp-json\/wp\/v2\/media?parent=12593"}],"wp:term":[{"taxonomy":"category","embeddable":true,"href":"https:\/\/linitiative.ca\/International\/wp-json\/wp\/v2\/categories?post=12593"},{"taxonomy":"post_tag","embeddable":true,"href":"https:\/\/linitiative.ca\/International\/wp-json\/wp\/v2\/tags?post=12593"}],"curies":[{"name":"wp","href":"https:\/\/api.w.org\/{rel}","templated":true}]}}