{"id":125930,"date":"2021-09-03T07:00:00","date_gmt":"2021-09-03T11:00:00","guid":{"rendered":"https:\/\/linitiative.ca\/International\/trois-personnes-condamnees-a-3-ans-de-prison-ferme-a-oran\/"},"modified":"2021-09-03T07:00:00","modified_gmt":"2021-09-03T11:00:00","slug":"trois-personnes-condamnees-a-3-ans-de-prison-ferme-a-oran","status":"publish","type":"post","link":"https:\/\/linitiative.ca\/International\/trois-personnes-condamnees-a-3-ans-de-prison-ferme-a-oran\/","title":{"rendered":"Trois personnes condamn\u00e9es \u00e0 3 ans de prison ferme \u00e0 Oran"},"content":{"rendered":"<div>Le tribunal p\u00e9nal de Fellaouc\u00e8ne a condamn\u00e9 \u00e0 trois ans de prison ferme et \u00e0 200.000 Da d\u2019amende les trois accus\u00e9s impliqu\u00e9s dans la diffusion de vid\u00e9os subversives, qui appellent \u00e0 la haine et \u00e0 la discorde entre les citoyens.<\/div>\n<p>Auteur:<br \/>\n<a href=\"https:\/\/www.liberte-algerie.com\/actualite\/trois-personnes-condamnees-a-3-ans-de-prison-ferme-a-oran-364354\">Cliquez ici pour lire l&rsquo;article depuis sa source.<\/a><\/p>\n","protected":false},"excerpt":{"rendered":"<p>Le tribunal p\u00e9nal de Fellaouc\u00e8ne a condamn\u00e9 \u00e0 trois ans de prison ferme et \u00e0 200.000 Da d\u2019amende les trois accus\u00e9s impliqu\u00e9s dans la diffusion de vid\u00e9os subversives, qui appellent \u00e0 la haine et \u00e0 la discorde entre les citoyens. Auteur: Cliquez ici pour lire l&rsquo;article depuis sa source.<\/p>\n","protected":false},"author":1742,"featured_media":0,"comment_status":"closed","ping_status":"closed","sticky":false,"template":"","format":"standard","meta":{"fifu_image_url":"","fifu_image_alt":"","footnotes":""},"categories":[73,53],"tags":[],"class_list":["post-125930","post","type-post","status-publish","format-standard","hentry","category-actualite","category-algerie"],"_links":{"self":[{"href":"https:\/\/linitiative.ca\/International\/wp-json\/wp\/v2\/posts\/125930","targetHints":{"allow":["GET"]}}],"collection":[{"href":"https:\/\/linitiative.ca\/International\/wp-json\/wp\/v2\/posts"}],"about":[{"href":"https:\/\/linitiative.ca\/International\/wp-json\/wp\/v2\/types\/post"}],"author":[{"embeddable":true,"href":"https:\/\/linitiative.ca\/International\/wp-json\/wp\/v2\/users\/1742"}],"replies":[{"embeddable":true,"href":"https:\/\/linitiative.ca\/International\/wp-json\/wp\/v2\/comments?post=125930"}],"version-history":[{"count":0,"href":"https:\/\/linitiative.ca\/International\/wp-json\/wp\/v2\/posts\/125930\/revisions"}],"wp:attachment":[{"href":"https:\/\/linitiative.ca\/International\/wp-json\/wp\/v2\/media?parent=125930"}],"wp:term":[{"taxonomy":"category","embeddable":true,"href":"https:\/\/linitiative.ca\/International\/wp-json\/wp\/v2\/categories?post=125930"},{"taxonomy":"post_tag","embeddable":true,"href":"https:\/\/linitiative.ca\/International\/wp-json\/wp\/v2\/tags?post=125930"}],"curies":[{"name":"wp","href":"https:\/\/api.w.org\/{rel}","templated":true}]}}