{"id":125937,"date":"2021-09-03T04:12:14","date_gmt":"2021-09-03T08:12:14","guid":{"rendered":"https:\/\/linitiative.ca\/International\/lindh-epaule-les-jeunes-porteurs-de-projets\/"},"modified":"2021-09-03T04:12:14","modified_gmt":"2021-09-03T08:12:14","slug":"lindh-epaule-les-jeunes-porteurs-de-projets","status":"publish","type":"post","link":"https:\/\/linitiative.ca\/International\/lindh-epaule-les-jeunes-porteurs-de-projets\/","title":{"rendered":"L\u2019INDH \u00e9paule les jeunes porteurs de projets"},"content":{"rendered":"<div>\n<div style=\"margin-bottom:20px;\"><img loading=\"lazy\" decoding=\"async\" width=\"750\" height=\"430\" src=\"https:\/\/linitiative.ca\/International\/wp-content\/uploads\/sites\/23\/2021\/09\/INDH-Haouz.jpg\" class=\"attachment-post-thumbnail size-post-thumbnail wp-post-image\" alt=\"\" srcset=\"https:\/\/linitiative.ca\/International\/wp-content\/uploads\/sites\/23\/2021\/09\/INDH-Haouz.jpg 750w, http:\/\/www.mapmarrakech.ma\/map\/uploads\/2021\/09\/INDH-Haouz-300x172.jpg 300w\" sizes=\"auto, (max-width: 750px) 100vw, 750px\"><\/div>\n<p>En effet, plusieurs jeunes de la province ont ainsi b\u00e9n\u00e9fici\u00e9 de l\u2019accompagnement de l\u2019INDH, dans ses trois phases, pour concr\u00e9tiser leurs id\u00e9es de projets ou d\u00e9velopper leurs activit\u00e9s dans le cadre d\u2019une approche int\u00e9gr\u00e9e visant \u00e0 am\u00e9liorer l\u2019employabilit\u00e9 des jeunes, cr\u00e9er de la valeur au niveau local, et assurer la p\u00e9rennit\u00e9 des projets.<\/p>\n<p>Ainsi, Yassine Idmoussa a d\u00e9cid\u00e9 avec son coll\u00e8gue Alaa Hamdichate de b\u00e9n\u00e9ficier de l\u2019accompagnement de l\u2019INDH pour cr\u00e9er leur entreprise \u00ab\u00a0Adrar Tech\u00a0\u00bb et mettre sur pied \u00ab\u00a0www.Hoota.ma\u00a0\u00bb, sorte de \u00ab\u00a0Marketplace\u00a0\u00bb sp\u00e9cialis\u00e9e dans la vente des produits \u00e9lectroniques usag\u00e9s\/remis \u00e0 neuf (ordinateurs, portables\u2026etc), qui r\u00e9pond \u00e0 un besoin en pleine croissance, et aide les acteurs \u00e9conomiques dans ce domaine d\u2019activit\u00e9 \u00e0 mieux organiser leur travail et d\u2019avoir une alternative efficace et pratique pour une pr\u00e9sence en ligne simple.<\/p>\n<p>\u00ab\u00a0Gr\u00e2ce au financement et \u00e0 l\u2019accompagnement technique et manag\u00e9rial de l\u2019INDH, nous avons lanc\u00e9 le premier site \u00e9lectronique des \u00e9lectrom\u00e9nagers utilis\u00e9s au Maroc, qui rend la consommation des produits tech utilis\u00e9s et remis \u00e0 neuf aussi fiable que les produits neufs\u00a0\u00bb, a expliqu\u00e9 M. Yassine Idmoussa, co-g\u00e9rant d\u2019\u00a0\u00bbAdrar Tech\u00a0\u00bb, dans une d\u00e9claration \u00e0 M24, la chaine d\u2019information en continu de la MAP.<\/p>\n<p>Mettant en exergue la contribution de l\u2019INDH dans la promotion de l\u2019entrepreneuriat aupr\u00e8s des jeunes, M. Idmoussa a relev\u00e9 que \u00ab\u00a0www.hoota.ma\u00a0\u00bb accompagne les consommateurs dans l\u2019acquisition d\u2019\u00e9quipements informatiques accessibles de seconde main ou reconditionn\u00e9s, en leur apportant la confiance et les services additionnels qui manquent \u00e0 ce march\u00e9 d\u00e9r\u00e9gul\u00e9.<\/p>\n<p>Toujours dans le cadre de l\u2019appui et la promotion de l\u2019entrepreneuriat chez les jeunes, l\u2019INDH a \u00e9galement financ\u00e9 le projet \u00ab\u00a0PUBG Squad Adventures\u00a0\u00bb, qui offre des activit\u00e9s divertissantes au c\u0153ur du d\u00e9sert unique d\u2019Agafay, notamment des balades \u00e0 dos de chameaux, des balades en Quads dans le d\u00e9sert, en 4\u00d74, organisation de soir\u00e9es \u00e0 th\u00e8me\u2026etc.<\/p>\n<p>\u00ab\u00a0Nous avions le grand privil\u00e8ge d\u2019\u00eatre parmi les premiers candidats qui ont b\u00e9n\u00e9fici\u00e9 du soutien financier et technique de l\u2019INDH pour d\u00e9velopper notre activit\u00e9, affect\u00e9e lourdement par la pand\u00e9mie du nouveau coronavirus (Covid-19)\u00a0\u00bb, a relev\u00e9 M. Hamza Hichami, co-g\u00e9rant de l\u2019entreprise, dans une d\u00e9claration similaire \u00e0 M24.<\/p>\n<p>Tout en exprimant sa gratitude aux responsables de l\u2019INDH dans la province d\u2019Al Haouz, le jeune entrepreneur a relev\u00e9 que \u00ab\u00a0la contribution de l\u2019INDH (200.000 dirhams) nous a permis de maintenir notre business malgr\u00e9 les contraintes li\u00e9es \u00e0 la pand\u00e9mie et ainsi pr\u00e9server plusieurs emplois directs et indirects pour les jeunes de la province\u00a0\u00bb.<\/p>\n<p>Intitul\u00e9 \u00ab\u00a0Am\u00e9lioration du revenu et inclusion \u00e9conomique des jeunes\u00a0\u00bb, le programme 3 de l\u2019INDH vise \u00e0 apporter un accompagnement au profit des porteurs de projets issus de l\u2019analyse des chaines de valeur et des coop\u00e9ratives, ainsi que les autres organisations professionnelles \u0153uvrant dans le domaine de l\u2019\u00e9conomie sociale et solidaire.<\/p>\n<p>L\u2019intervention de l\u2019INDH dans ce cadre, rappelle-t-on, se trouve justifi\u00e9e par l\u2019int\u00e9r\u00eat accord\u00e9 \u00e0 l\u2019inclusion \u00e9conomique des jeunes et des femmes en leur offrant des opportunit\u00e9s d\u2019emploi et d\u2019auto-emploi.<\/p>\n<p>L\u2019objectif consiste \u00e0 d\u00e9velopper les perspectives des activit\u00e9s \u00e9conomiques locales issues des r\u00e9sultats des analyses de chaines de valeurs \u00e0 travers l\u2019accompagnement des porteurs de projets, des structures existantes ayant un fort potentiel de croissance et cr\u00e9ant des opportunit\u00e9s d\u2019emploi pour les jeunes ou des structures nouvellement cr\u00e9\u00e9es r\u00e9pondant aux crit\u00e8res de cr\u00e9ation de valeur.<\/p>\n<p>The post <a rel=\"nofollow\" href=\"http:\/\/www.mapmarrakech.ma\/fr\/lindh-epaule-les-jeunes-porteurs-de-projets\/\">L\u2019INDH \u00e9paule les jeunes porteurs de projets<\/a> appeared first on <a rel=\"nofollow\" href=\"http:\/\/www.mapmarrakech.ma\/fr\">MapMarrakech<\/a>.<\/p>\n<\/div>\n<p>Auteur: Mohammed KOURSI<br \/>\n<a href=\"http:\/\/www.mapmarrakech.ma\/fr\/lindh-epaule-les-jeunes-porteurs-de-projets\/\">Cliquez ici pour lire l&rsquo;article depuis sa source.<\/a><\/p>\n","protected":false},"excerpt":{"rendered":"<p>En effet, plusieurs jeunes de la province ont ainsi b\u00e9n\u00e9fici\u00e9 de l\u2019accompagnement de l\u2019INDH, dans ses trois phases, pour concr\u00e9tiser leurs id\u00e9es de projets ou d\u00e9velopper leurs activit\u00e9s dans le cadre d\u2019une approche int\u00e9gr\u00e9e visant \u00e0 am\u00e9liorer l\u2019employabilit\u00e9 des jeunes, cr\u00e9er de la valeur au niveau local, et assurer la p\u00e9rennit\u00e9 des projets. Ainsi, Yassine [&hellip;]<\/p>\n","protected":false},"author":1788,"featured_media":0,"comment_status":"closed","ping_status":"closed","sticky":false,"template":"","format":"standard","meta":{"fifu_image_url":"http:\/\/www.mapmarrakech.ma\/map\/uploads\/2021\/09\/INDH-Haouz.jpg","fifu_image_alt":"L\u2019INDH \u00e9paule les jeunes porteurs de projets","footnotes":""},"categories":[54,76],"tags":[],"class_list":["post-125937","post","type-post","status-publish","format-standard","hentry","category-maroc","category-regions"],"_links":{"self":[{"href":"https:\/\/linitiative.ca\/International\/wp-json\/wp\/v2\/posts\/125937","targetHints":{"allow":["GET"]}}],"collection":[{"href":"https:\/\/linitiative.ca\/International\/wp-json\/wp\/v2\/posts"}],"about":[{"href":"https:\/\/linitiative.ca\/International\/wp-json\/wp\/v2\/types\/post"}],"author":[{"embeddable":true,"href":"https:\/\/linitiative.ca\/International\/wp-json\/wp\/v2\/users\/1788"}],"replies":[{"embeddable":true,"href":"https:\/\/linitiative.ca\/International\/wp-json\/wp\/v2\/comments?post=125937"}],"version-history":[{"count":0,"href":"https:\/\/linitiative.ca\/International\/wp-json\/wp\/v2\/posts\/125937\/revisions"}],"wp:attachment":[{"href":"https:\/\/linitiative.ca\/International\/wp-json\/wp\/v2\/media?parent=125937"}],"wp:term":[{"taxonomy":"category","embeddable":true,"href":"https:\/\/linitiative.ca\/International\/wp-json\/wp\/v2\/categories?post=125937"},{"taxonomy":"post_tag","embeddable":true,"href":"https:\/\/linitiative.ca\/International\/wp-json\/wp\/v2\/tags?post=125937"}],"curies":[{"name":"wp","href":"https:\/\/api.w.org\/{rel}","templated":true}]}}