{"id":125939,"date":"2021-09-03T04:26:20","date_gmt":"2021-09-03T08:26:20","guid":{"rendered":"https:\/\/linitiative.ca\/International\/le-pam-dispose-a-cooperer-avec-tous-les-partis-pour-former-un-gouvernement\/"},"modified":"2021-09-03T04:26:20","modified_gmt":"2021-09-03T08:26:20","slug":"le-pam-dispose-a-cooperer-avec-tous-les-partis-pour-former-un-gouvernement","status":"publish","type":"post","link":"https:\/\/linitiative.ca\/International\/le-pam-dispose-a-cooperer-avec-tous-les-partis-pour-former-un-gouvernement\/","title":{"rendered":"Le PAM dispos\u00e9 \u00e0 coop\u00e9rer avec tous les partis pour former un gouvernement"},"content":{"rendered":"<div>\n<div style=\"margin-bottom:20px;\"><img loading=\"lazy\" decoding=\"async\" width=\"750\" height=\"430\" src=\"https:\/\/linitiative.ca\/International\/wp-content\/uploads\/sites\/23\/2021\/09\/PAM-marrakech-Ouahbi.jpg\" class=\"attachment-post-thumbnail size-post-thumbnail wp-post-image\" alt=\"\" srcset=\"https:\/\/linitiative.ca\/International\/wp-content\/uploads\/sites\/23\/2021\/09\/PAM-marrakech-Ouahbi.jpg 750w, http:\/\/www.mapmarrakech.ma\/map\/uploads\/2021\/09\/PAM-marrakech-Ouahbi-300x172.jpg 300w\" sizes=\"auto, (max-width: 750px) 100vw, 750px\"><\/div>\n<p>\u00ab\u00a0Si l\u2019int\u00e9r\u00eat de la nation exige de participer au prochain gouvernement, le PAM reste ouvert et tendra la main \u00e0 toutes les formations politiques sans exception pour former un gouvernement fort et uni, qui sera en mesure de r\u00e9pondre aux attentes des citoyens\u00a0\u00bb, a-t-il ajout\u00e9 lors d\u2019une rencontre de communication tenue avec les militants du parti.<\/p>\n<p>\u00ab\u00a0Le PAM n\u2019est en conflit avec aucun parti politique. Nous ne marginaliserons aucun parti et nous sommes pr\u00eats \u00e0 travailler avec toutes les formations politiques loin des conflits id\u00e9ologiques et des calculs politiques \u00e9triqu\u00e9s\u00a0\u00bb, a-t-il dit, relevant qu\u2019\u00e0 l\u2019heure actuelle, le Maroc a besoin de toutes ses comp\u00e9tences et forces vives et de bonne intention pour renforcer le processus d\u00e9mocratique et trouver des solutions ad\u00e9quates \u00e0 tous les probl\u00e8mes.<\/p>\n<p>Le PAM tend la main \u00e0 toutes les formations politiques car, le Maroc m\u00e9rite un gouvernement fort qui saura r\u00e9pondre aux attentes et aspirations des citoyens, a-t-il dit.<\/p>\n<p>M. Ouahbi a, de m\u00eame, relev\u00e9 que les priorit\u00e9s du prochain gouvernement consistent \u00e0 la mise en \u0153uvre des recommandations et conclusions du Rapport g\u00e9n\u00e9ral sur le Nouveau Mod\u00e8le de D\u00e9veloppement (NMD), la r\u00e9duction du taux de ch\u00f4mage et de la dette ext\u00e9rieure, la mise en place d\u2019une politique sanitaire en mesure de faire face \u00e0 la pand\u00e9mie et la r\u00e9vision du syst\u00e8me \u00e9ducatif.<\/p>\n<p>Tout en faisant part de la d\u00e9termination de son parti \u00e0 relever ces d\u00e9fis, M. Ouahbi a exprim\u00e9 sa satisfaction de \u00ab\u00a0la gestion cit\u00e9e en mod\u00e8le du Conseil communal de\u00a0Marrakech\u00a0pendant le mandat de Mme Fatima Zahra Mansouri et du Conseil de la r\u00e9gion\u00a0Marrakech-Safi sous le mandat de Ahmed Akhchichen, deux militants du parti\u00a0\u00bb.<\/p>\n<p>Cette rencontre de communication s\u2019est cl\u00f4tur\u00e9e par la pr\u00e9sentation des candidats t\u00eates de liste du PAM aux \u00e9lections du 08 septembre au niveau de cette pr\u00e9fecture.<\/p>\n<p>The post <a rel=\"nofollow\" href=\"http:\/\/www.mapmarrakech.ma\/fr\/le-pam-dispose-a-cooperer-avec-tous-les-partis-pour-former-un-gouvernement\/\">Le PAM dispos\u00e9 \u00e0 coop\u00e9rer avec tous les partis pour former un gouvernement<\/a> appeared first on <a rel=\"nofollow\" href=\"http:\/\/www.mapmarrakech.ma\/fr\">MapMarrakech<\/a>.<\/p>\n<\/div>\n<p>Auteur: Mohammed KOURSI<br \/>\n<a href=\"http:\/\/www.mapmarrakech.ma\/fr\/le-pam-dispose-a-cooperer-avec-tous-les-partis-pour-former-un-gouvernement\/\">Cliquez ici pour lire l&rsquo;article depuis sa source.<\/a><\/p>\n","protected":false},"excerpt":{"rendered":"<p>\u00ab\u00a0Si l\u2019int\u00e9r\u00eat de la nation exige de participer au prochain gouvernement, le PAM reste ouvert et tendra la main \u00e0 toutes les formations politiques sans exception pour former un gouvernement fort et uni, qui sera en mesure de r\u00e9pondre aux attentes des citoyens\u00a0\u00bb, a-t-il ajout\u00e9 lors d\u2019une rencontre de communication tenue avec les militants du [&hellip;]<\/p>\n","protected":false},"author":1788,"featured_media":0,"comment_status":"closed","ping_status":"closed","sticky":false,"template":"","format":"standard","meta":{"fifu_image_url":"http:\/\/www.mapmarrakech.ma\/map\/uploads\/2021\/09\/PAM-marrakech-Ouahbi.jpg","fifu_image_alt":"Le PAM dispos\u00e9 \u00e0 coop\u00e9rer avec tous les partis pour former un gouvernement","footnotes":""},"categories":[54,76],"tags":[],"class_list":["post-125939","post","type-post","status-publish","format-standard","hentry","category-maroc","category-regions"],"_links":{"self":[{"href":"https:\/\/linitiative.ca\/International\/wp-json\/wp\/v2\/posts\/125939","targetHints":{"allow":["GET"]}}],"collection":[{"href":"https:\/\/linitiative.ca\/International\/wp-json\/wp\/v2\/posts"}],"about":[{"href":"https:\/\/linitiative.ca\/International\/wp-json\/wp\/v2\/types\/post"}],"author":[{"embeddable":true,"href":"https:\/\/linitiative.ca\/International\/wp-json\/wp\/v2\/users\/1788"}],"replies":[{"embeddable":true,"href":"https:\/\/linitiative.ca\/International\/wp-json\/wp\/v2\/comments?post=125939"}],"version-history":[{"count":0,"href":"https:\/\/linitiative.ca\/International\/wp-json\/wp\/v2\/posts\/125939\/revisions"}],"wp:attachment":[{"href":"https:\/\/linitiative.ca\/International\/wp-json\/wp\/v2\/media?parent=125939"}],"wp:term":[{"taxonomy":"category","embeddable":true,"href":"https:\/\/linitiative.ca\/International\/wp-json\/wp\/v2\/categories?post=125939"},{"taxonomy":"post_tag","embeddable":true,"href":"https:\/\/linitiative.ca\/International\/wp-json\/wp\/v2\/tags?post=125939"}],"curies":[{"name":"wp","href":"https:\/\/api.w.org\/{rel}","templated":true}]}}